{"id":457,"date":"2025-04-02T08:01:52","date_gmt":"2025-04-02T08:01:52","guid":{"rendered":"https:\/\/localpharma.be\/?p=457"},"modified":"2026-09-01T18:41:14","modified_gmt":"2026-09-01T18:41:14","slug":"generisches-zyrtec","status":"publish","type":"post","link":"https:\/\/localpharma.be\/de\/generisches-zyrtec\/","title":{"rendered":"Zyrtec Generikum: Linderung bei allergischer Rhinitis und Urtikaria"},"content":{"rendered":"<div data-elementor-type=\"wp-post\" data-elementor-id=\"457\" class=\"elementor elementor-457\" data-elementor-post-type=\"post\">\n\t\t\t\t<div class=\"elementor-element elementor-element-f118282 e-flex e-con-boxed e-con e-parent\" data-id=\"f118282\" data-element_type=\"container\" data-e-type=\"container\">\n\t\t\t\t\t<div class=\"e-con-inner\">\n\t\t\t\t<div class=\"elementor-element elementor-element-19dd55c elementor-widget elementor-widget-html\" data-id=\"19dd55c\" data-element_type=\"widget\" data-e-type=\"widget\" data-widget_type=\"html.default\">\n\t\t\t\t<div class=\"elementor-widget-container\">\n\t\t\t\t\t<div class=\"translation-block\">\n\n\n<div class=\"product-block\">\n<div class=\"product-image\">\n<img fetchpriority=\"high\" decoding=\"async\" class=\"alignnone size-medium wp-image-458\" src=\"https:\/\/localpharma.be\/wp-content\/uploads\/2025\/04\/zyrtec-300x300.jpg\" alt=\"Zyrtec g\u00e9n\u00e9rique\" width=\"300\" height=\"300\" srcset=\"https:\/\/localpharma.be\/wp-content\/uploads\/2025\/04\/zyrtec-300x300.jpg 300w, https:\/\/localpharma.be\/wp-content\/uploads\/2025\/04\/zyrtec-150x150.jpg 150w, https:\/\/localpharma.be\/wp-content\/uploads\/2025\/04\/zyrtec-12x12.jpg 12w, https:\/\/localpharma.be\/wp-content\/uploads\/2025\/04\/zyrtec.jpg 500w\" sizes=\"(max-width: 300px) 100vw, 300px\" \/>\n<\/div>\n\n<div class=\"product-table\">\n<p class=\"med-warning\">Ceci est un m\u00e9dicament. Pas d\u2019utilisation prolong\u00e9e sans avis m\u00e9dical.<\/p>\n<table>\n<tbody>\n<tr>\n<td>Nom du m\u00e9dicament:<\/td>\n<td>Zyrtec g\u00e9n\u00e9rique<\/td>\n<\/tr>\n<tr>\n<td>Ingr\u00e9dient actif :<\/td>\n<td>C\u00e9tirizine<\/td>\n<\/tr>\n<tr>\n<td>Fabricant:<\/td>\n<td>Non sp\u00e9cifi\u00e9<\/td>\n<\/tr>\n<tr>\n<td>Forme \/ Force:<\/td>\n<td>Comprim\u00e9 10 mg<\/td>\n<\/tr>\n<tr>\n<td>Prix :<\/td>\n<td><strong>Prix \u00e0 confirmer selon la sp\u00e9cialit\u00e9<\/strong><br><small>Prix garanti via LocalPharma<\/small><\/td>\n<\/tr>\n<tr>\n<td>Pharmacie :<\/td>\n<td>S\u00e9lectionn\u00e9e selon votre adresse et la disponibilit\u00e9<\/td>\n<\/tr>\n<tr>\n<td>Livraison :<\/td>\n<td>D\u00e9lai indiqu\u00e9 apr\u00e8s s\u00e9lection de la pharmacie<\/td>\n<\/tr>\n<tr>\n<td>Commander :<\/td>\n<td><a href=\"#\" class=\"button\">V\u00e9rifier la disponibilit\u00e9<\/a><br><small>Vente et d\u00e9livrance assur\u00e9es par une pharmacie partenaire autoris\u00e9e.<\/small><\/td>\n<\/tr>\n<\/tbody>\n<\/table>\n<\/div>\n<\/div>\n\n\n<section>\n<h2>Quand utiliser Zyrtec g\u00e9n\u00e9rique ?<\/h2>\n<p><dfn>Zyrtec g\u00e9n\u00e9rique<\/dfn> contient de la c\u00e9tirizine, un antihistaminique H1 de deuxi\u00e8me g\u00e9n\u00e9ration. En Belgique, les comprim\u00e9s \u00e0 10 mg sont utilis\u00e9s chez l\u2019adulte et chez l\u2019enfant \u00e0 partir de 6 ans pour soulager les sympt\u00f4mes nasaux et oculaires de la rhinite allergique saisonni\u00e8re ou persistante, ainsi que l\u2019urticaire.<\/p>\n\n<p>Les sympt\u00f4mes vis\u00e9s comprennent notamment les \u00e9ternuements, l\u2019\u00e9coulement nasal, les d\u00e9mangeaisons nasales ou oculaires, le larmoiement et les plaques d\u2019urticaire. La c\u00e9tirizine agit sur les effets de l\u2019histamine, l\u2019un des principaux m\u00e9diateurs de la r\u00e9action allergique.<\/p>\n<p>Si les sympt\u00f4mes apparaissent surtout au printemps ou en \u00e9t\u00e9, notre article sur <a href=\"https:\/\/localpharma.be\/de\/was-ist-eine-saisonale-allergie-und-wie-erkennt-man-sie\/\" target=\"_blank\" rel=\"noopener\">l\u2019allergie saisonni\u00e8re et ses signes<\/a> aide \u00e0 distinguer une r\u00e9action au pollen d\u2019un rhume banal.<\/p>\n<\/section>\n\n<section>\n<h2>Comment la c\u00e9tirizine contr\u00f4le-t-elle les sympt\u00f4mes allergiques ?<\/h2>\n<p>La c\u00e9tirizine bloque principalement les r\u00e9cepteurs H1 p\u00e9riph\u00e9riques de l\u2019histamine. Elle r\u00e9duit ainsi plusieurs manifestations typiques de l\u2019allergie sans traiter la cause de la sensibilisation elle-m\u00eame.<\/p>\n<p><b>C\u00e9tirizine 10 mg<\/b> est g\u00e9n\u00e9ralement utilis\u00e9e une fois par jour chez l\u2019adulte et l\u2019adolescent de plus de 12 ans. L\u2019alimentation n\u2019alt\u00e8re pas son absorption de mani\u00e8re cliniquement importante.<\/p>\n<p><strong>Le traitement vise \u00e0 contr\u00f4ler les sympt\u00f4mes allergiques pendant la p\u00e9riode o\u00f9 ils sont pr\u00e9sents, et non \u00e0 gu\u00e9rir d\u00e9finitivement l\u2019allergie.<\/strong><\/p>\n<\/section>\n\n<section>\n<h2>Posologie de Zyrtec g\u00e9n\u00e9rique selon l\u2019\u00e2ge<\/h2>\n<p>La dose d\u00e9pend surtout de l\u2019\u00e2ge et de la fonction r\u00e9nale. Le comprim\u00e9 de 10 mg est s\u00e9cable, ce qui permet l\u2019utilisation d\u2019un demi-comprim\u00e9 lorsque la posologie prescrite est de 5 mg.<\/p>\n<table>\n<tbody>\n<tr>\n<th>Groupe<\/th>\n<th>Posologie habituelle<\/th>\n<\/tr>\n<tr>\n<td>Adultes et adolescents de plus de 12 ans<\/td>\n<td>10 mg une fois par jour<\/td>\n<\/tr>\n<tr>\n<td>Enfants de 6 \u00e0 12 ans<\/td>\n<td>5 mg deux fois par jour<\/td>\n<\/tr>\n<tr>\n<td>Insuffisance r\u00e9nale mod\u00e9r\u00e9e<\/td>\n<td>5 mg une fois par jour<\/td>\n<\/tr>\n<\/tbody>\n<\/table>\n<p>Chez l\u2019enfant de moins de 6 ans, le comprim\u00e9 ne permet pas un ajustement suffisamment pr\u00e9cis de la dose. En cas de maladie r\u00e9nale importante, la posologie doit \u00eatre individualis\u00e9e.<\/p>\n\n<section>\n<h3>Dur\u00e9e du traitement<\/h3>\n<p>Elle d\u00e9pend du type d\u2019allergie, de la dur\u00e9e d\u2019exposition \u00e0 l\u2019allerg\u00e8ne et de l\u2019\u00e9volution des sympt\u00f4mes. Un traitement prolong\u00e9 m\u00e9rite une r\u00e9\u00e9valuation p\u00e9riodique avec un pharmacien ou un m\u00e9decin.<\/p>\n<\/section>\n\n<section>\n<h3>En cas d\u2019oubli<\/h3>\n<p>Il ne faut pas doubler la dose suivante pour compenser une prise oubli\u00e9e.<\/p>\n<\/section>\n<\/section>\n\n<section>\n<h2>Somnolence, conduite et alcool<\/h2>\n<p>La <b>c\u00e9tirizine<\/b> est class\u00e9e parmi les antihistaminiques peu s\u00e9datifs, mais une somnolence peut tout de m\u00eame survenir. La notice belge recommande d\u2019\u00e9valuer sa propre r\u00e9action au m\u00e9dicament avant de conduire, d\u2019utiliser une machine ou d\u2019effectuer une activit\u00e9 n\u00e9cessitant une vigilance soutenue.<\/p>\n<p>L\u2019alcool peut accentuer la s\u00e9dation chez certaines personnes. M\u00eame si aucune interaction cliniquement significative n\u2019a \u00e9t\u00e9 observ\u00e9e avec de faibles quantit\u00e9s dans les \u00e9tudes cit\u00e9es par la notice, il reste recommand\u00e9 d\u2019\u00e9viter l\u2019association avec l\u2019alcool.<\/p>\n<\/section>\n\n<section>\n<h2>Effets ind\u00e9sirables \u00e0 conna\u00eetre<\/h2>\n<p>Les <b>effets secondaires de la c\u00e9tirizine<\/b> sont le plus souvent mod\u00e9r\u00e9s. Les effets fr\u00e9quents d\u00e9crits dans la notice comprennent notamment la somnolence, les vertiges, les c\u00e9phal\u00e9es, la s\u00e9cheresse buccale, les naus\u00e9es, la diarrh\u00e9e et la fatigue.<\/p>\n<ul>\n<li>somnolence, fatigue, vertiges ou maux de t\u00eate ;<\/li>\n<li>s\u00e9cheresse de la bouche, naus\u00e9es ou diarrh\u00e9e ;<\/li>\n<li>plus rarement, urticaire, tachycardie, convulsions ou anomalies h\u00e9patiques ;<\/li>\n<li>tr\u00e8s rarement, angio-\u0153d\u00e8me ou autre r\u00e9action allergique s\u00e9v\u00e8re.<\/li>\n<\/ul>\n<p>Un gonflement du visage ou de la gorge, une difficult\u00e9 \u00e0 respirer ou une r\u00e9action allergique s\u00e9v\u00e8re n\u00e9cessite une prise en charge urgente.<\/p>\n<\/section>\n\n<section>\n<h2>Prurit apr\u00e8s l\u2019arr\u00eat d\u2019un traitement prolong\u00e9<\/h2>\n<p>La notice belge mentionne que, dans de rares cas, un prurit intense et\/ou une urticaire peuvent r\u00e9appara\u00eetre apr\u00e8s l\u2019arr\u00eat de Zyrtec. Des donn\u00e9es de pharmacovigilance et une publication de 2026 ont \u00e9galement d\u00e9crit ce ph\u00e9nom\u00e8ne apr\u00e8s l\u2019arr\u00eat de c\u00e9tirizine ou de l\u00e9voc\u00e9tirizine prises r\u00e9guli\u00e8rement pendant une p\u00e9riode prolong\u00e9e.<\/p>\n<p>Le prurit appara\u00eet g\u00e9n\u00e9ralement dans les jours qui suivent l\u2019arr\u00eat dans les cas rapport\u00e9s. Cela ne signifie pas que tous les utilisateurs auront ce probl\u00e8me ni que le m\u00e9dicament cr\u00e9e une d\u00e9pendance au sens habituel.<\/p>\n<p><strong>Si des d\u00e9mangeaisons importantes surviennent apr\u00e8s l\u2019arr\u00eat d\u2019une utilisation prolong\u00e9e, il est pr\u00e9f\u00e9rable de demander conseil avant de reprendre le m\u00e9dicament ou de modifier seul le rythme de prise.<\/strong><\/p>\n<\/section>\n\n<section>\n<h2>Pr\u00e9cautions particuli\u00e8res avant la prise<\/h2>\n<p><b>Zyrtec<\/b> ne doit pas \u00eatre pris en cas d\u2019allergie \u00e0 la c\u00e9tirizine, \u00e0 l\u2019hydroxyzine ou \u00e0 certains d\u00e9riv\u00e9s de la pip\u00e9razine. La forme comprim\u00e9 est \u00e9galement contre-indiqu\u00e9e chez les patients pr\u00e9sentant une atteinte r\u00e9nale grave n\u00e9cessitant une dialyse.<\/p>\n<p>Une attention particuli\u00e8re est n\u00e9cessaire en cas de difficult\u00e9 \u00e0 vider la vessie, d\u2019\u00e9pilepsie ou de risque de convulsions. La c\u00e9tirizine peut aussi modifier les r\u00e9sultats de certains tests cutan\u00e9s d\u2019allergie.<\/p>\n\n<section>\n<h3>Grossesse<\/h3>\n<p>La notice recommande d\u2019\u00e9viter Zyrtec pendant la grossesse sauf n\u00e9cessit\u00e9 apr\u00e8s avis m\u00e9dical.<\/p>\n<\/section>\n\n<section>\n<h3>Allaitement<\/h3>\n<p>La c\u00e9tirizine passe dans le lait maternel. Son utilisation pendant l\u2019allaitement doit donc \u00eatre discut\u00e9e avec un m\u00e9decin.<\/p>\n<\/section>\n<\/section>\n\n<section>\n<h2>Prix de Zyrtec g\u00e9n\u00e9rique en Belgique<\/h2>\n<p>Le prix d\u00e9pend de la sp\u00e9cialit\u00e9 de c\u00e9tirizine et du nombre de comprim\u00e9s. Le CBIP r\u00e9pertorie plusieurs g\u00e9n\u00e9riques belges de c\u00e9tirizine 10 mg ainsi que <b>Zyrtec 10 mg<\/b>, avec des conditionnements et tarifs diff\u00e9rents.<\/p>\n<p>La c\u00e9tirizine 10 mg existe en Belgique sous plusieurs sp\u00e9cialit\u00e9s. Zyrtec 10 mg est indiqu\u00e9 comme m\u00e9dicament non soumis \u00e0 prescription dans la notice belge, ce qui permet une d\u00e9livrance sans ordonnance lorsque son utilisation est appropri\u00e9e.<\/p>\n<\/section>\n\n<section>\n<h2>Informations m\u00e9dicales importantes<\/h2>\n<p>Cette page fournit une information g\u00e9n\u00e9rale sur <b>Zyrtec g\u00e9n\u00e9rique<\/b> et la c\u00e9tirizine. Elle ne remplace pas un diagnostic ni un avis personnalis\u00e9. Des sympt\u00f4mes persistants, inhabituels ou mal contr\u00f4l\u00e9s, une atteinte respiratoire ou des r\u00e9actions allergiques s\u00e9v\u00e8res n\u00e9cessitent une \u00e9valuation m\u00e9dicale.<\/p>\n<\/section>\n\n<section>\n<h2>Questions fr\u00e9quentes sur Zyrtec g\u00e9n\u00e9rique<\/h2>\n\n<section>\n<h3>Combien de fois par jour peut-on prendre Zyrtec 10 mg ?<\/h3>\n<p>Chez l\u2019adulte et l\u2019adolescent de plus de 12 ans, la dose habituelle est de 10 mg une fois par jour. Chez l\u2019enfant de 6 \u00e0 12 ans, la dose totale de 10 mg est r\u00e9partie en deux prises de 5 mg.<\/p>\n<\/section>\n\n<section>\n<h3>Le comprim\u00e9 peut-il \u00eatre pris avec un repas ?<\/h3>\n<p>Oui. La prise alimentaire n\u2019affecte pas de mani\u00e8re importante l\u2019absorption de Zyrtec.<\/p>\n<\/section>\n\n<section>\n<h3>Zyrtec peut-il provoquer de la somnolence ?<\/h3>\n<p>Oui. La somnolence fait partie des effets ind\u00e9sirables fr\u00e9quents. Il faut tenir compte de sa r\u00e9action individuelle avant de conduire ou d\u2019utiliser une machine.<\/p>\n<\/section>\n\n<section>\n<h3>Peut-on utiliser Zyrtec pour une urticaire ?<\/h3>\n<p>Oui. La c\u00e9tirizine est indiqu\u00e9e pour soulager l\u2019urticaire chez l\u2019adulte et l\u2019enfant \u00e0 partir de 6 ans pour la forme comprim\u00e9 10 mg.<\/p>\n<\/section>\n\n<section>\n<h3>Que faire si des d\u00e9mangeaisons apparaissent apr\u00e8s l\u2019arr\u00eat ?<\/h3>\n<p>Des d\u00e9mangeaisons intenses peuvent rarement appara\u00eetre ou r\u00e9appara\u00eetre apr\u00e8s l\u2019arr\u00eat, surtout apr\u00e8s une utilisation prolong\u00e9e. Il est pr\u00e9f\u00e9rable de demander conseil \u00e0 un professionnel de sant\u00e9 avant de modifier le traitement.<\/p>\n<\/section>\n<\/section>\n\n<div class=\"reviewed-by\">\n<p>Texte v\u00e9rifi\u00e9 par Uttam Chatterjee, Pharmacien responsable - LocalPharma, 1 septembre 2026<\/p>\n<\/div>\n\n<section>\n<h2>Sources m\u00e9dicales<\/h2>\n<ul>\n<li><a href=\"https:\/\/www.e-compendium.be\/fr\/notices\/patient\/806\" target=\"_blank\" rel=\"noopener noreferrer\">e-Compendium - Zyrtec 10 mg<\/a><\/li>\n<li><a href=\"https:\/\/www.cbip.be\/fr\/chapters\/12?frag=9990243\" target=\"_blank\" rel=\"noopener noreferrer\">CBIP - Antihistaminiques H1 et c\u00e9tirizine<\/a><\/li>\n<li><a href=\"https:\/\/pubmed.ncbi.nlm.nih.gov\/41380841\/\" target=\"_blank\" rel=\"noopener noreferrer\">PubMed - Prurit apr\u00e8s l\u2019arr\u00eat de c\u00e9tirizine ou l\u00e9voc\u00e9tirizine<\/a><\/li>\n<\/ul>\n<\/section>\n\n<\/div>\n\t\t\t\t<\/div>\n\t\t\t\t<\/div>\n\t\t\t\t\t<\/div>\n\t\t\t\t<\/div>\n\t\t\t\t<\/div>","protected":false},"excerpt":{"rendered":"<p>Ceci est un m\u00e9dicament. Pas d\u2019utilisation prolong\u00e9e sans avis m\u00e9dical. Nom du m\u00e9dicament: Zyrtec g\u00e9n\u00e9rique Ingr\u00e9dient actif : C\u00e9tirizine Fabricant: Non sp\u00e9cifi\u00e9 Forme \/ Force: Comprim\u00e9 10 mg Prix : Prix \u00e0 confirmer selon la sp\u00e9cialit\u00e9Prix garanti via LocalPharma Pharmacie : S\u00e9lectionn\u00e9e selon votre adresse et la disponibilit\u00e9 Livraison : D\u00e9lai indiqu\u00e9 apr\u00e8s s\u00e9lection de [&hellip;]<\/p>\n","protected":false},"author":2,"featured_media":0,"comment_status":"closed","ping_status":"open","sticky":false,"template":"","format":"standard","meta":{"footnotes":""},"categories":[21],"tags":[],"class_list":["post-457","post","type-post","status-publish","format-standard","hentry","category-allergie"],"yoast_head":"<!-- This site is optimized with the Yoast SEO plugin v28.4 - https:\/\/yoast.com\/product\/yoast-seo-wordpress\/ -->\n<title>Zyrtec g\u00e9n\u00e9rique : Soulager la Rhinite Allergique et l\u2019Urticaire | LocalPharma<\/title>\n<meta name=\"description\" content=\"Zyrtec g\u00e9n\u00e9rique \u00e0 base de c\u00e9tirizine 10 mg : rhinite allergique, urticaire, posologie selon l\u2019\u00e2ge, somnolence, insuffisance r\u00e9nale et prurit apr\u00e8s l\u2019arr\u00eat.\" \/>\n<meta name=\"robots\" content=\"index, follow, max-snippet:-1, max-image-preview:large, max-video-preview:-1\" \/>\n<link rel=\"canonical\" href=\"https:\/\/localpharma.be\/de\/generisches-zyrtec\/\" \/>\n<meta property=\"og:locale\" content=\"de_DE\" \/>\n<meta property=\"og:type\" content=\"article\" \/>\n<meta property=\"og:title\" content=\"Zyrtec g\u00e9n\u00e9rique : Soulager la Rhinite Allergique et l\u2019Urticaire | LocalPharma\" \/>\n<meta property=\"og:description\" content=\"Zyrtec g\u00e9n\u00e9rique \u00e0 base de c\u00e9tirizine 10 mg : rhinite allergique, urticaire, posologie selon l\u2019\u00e2ge, somnolence, insuffisance r\u00e9nale et prurit apr\u00e8s l\u2019arr\u00eat.\" \/>\n<meta property=\"og:url\" content=\"https:\/\/localpharma.be\/de\/generisches-zyrtec\/\" \/>\n<meta property=\"og:site_name\" content=\"LocalPharma\" \/>\n<meta property=\"article:published_time\" content=\"2025-04-02T08:01:52+00:00\" \/>\n<meta property=\"article:modified_time\" content=\"2026-09-01T18:41:14+00:00\" \/>\n<meta property=\"og:image\" content=\"https:\/\/localpharma.be\/wp-content\/uploads\/2025\/04\/zyrtec.jpg\" \/>\n\t<meta property=\"og:image:width\" content=\"500\" \/>\n\t<meta property=\"og:image:height\" content=\"500\" \/>\n\t<meta property=\"og:image:type\" content=\"image\/jpeg\" \/>\n<meta name=\"author\" content=\"Romain Garcia\" \/>\n<meta name=\"twitter:card\" content=\"summary_large_image\" \/>\n<meta name=\"twitter:label1\" content=\"Verfasst von\" \/>\n\t<meta name=\"twitter:data1\" content=\"Romain Garcia\" \/>\n\t<meta name=\"twitter:label2\" content=\"Gesch\u00e4tzte Lesezeit\" \/>\n\t<meta name=\"twitter:data2\" content=\"7\u00a0Minuten\" \/>\n<script type=\"application\/ld+json\" class=\"yoast-schema-graph\">{\"@context\":\"https:\\\/\\\/schema.org\",\"@graph\":[{\"@type\":\"Article\",\"@id\":\"https:\\\/\\\/localpharma.be\\\/zyrtec-generique\\\/#article\",\"isPartOf\":{\"@id\":\"https:\\\/\\\/localpharma.be\\\/zyrtec-generique\\\/\"},\"author\":{\"name\":\"Romain Garcia\",\"@id\":\"https:\\\/\\\/localpharma.be\\\/#\\\/schema\\\/person\\\/ce21c7cb4509c2ab6180d821c0add981\"},\"headline\":\"Zyrtec g\u00e9n\u00e9rique : Soulager la Rhinite Allergique et l\u2019Urticaire\",\"datePublished\":\"2025-04-02T08:01:52+00:00\",\"dateModified\":\"2026-09-01T18:41:14+00:00\",\"mainEntityOfPage\":{\"@id\":\"https:\\\/\\\/localpharma.be\\\/zyrtec-generique\\\/\"},\"wordCount\":1407,\"image\":{\"@id\":\"https:\\\/\\\/localpharma.be\\\/zyrtec-generique\\\/#primaryimage\"},\"thumbnailUrl\":\"https:\\\/\\\/localpharma.be\\\/wp-content\\\/uploads\\\/2025\\\/04\\\/zyrtec-300x300.jpg\",\"articleSection\":[\"allergie\"],\"inLanguage\":\"de\"},{\"@type\":\"WebPage\",\"@id\":\"https:\\\/\\\/localpharma.be\\\/zyrtec-generique\\\/\",\"url\":\"https:\\\/\\\/localpharma.be\\\/zyrtec-generique\\\/\",\"name\":\"Zyrtec g\u00e9n\u00e9rique : Soulager la Rhinite Allergique et l\u2019Urticaire | LocalPharma\",\"isPartOf\":{\"@id\":\"https:\\\/\\\/localpharma.be\\\/#website\"},\"primaryImageOfPage\":{\"@id\":\"https:\\\/\\\/localpharma.be\\\/zyrtec-generique\\\/#primaryimage\"},\"image\":{\"@id\":\"https:\\\/\\\/localpharma.be\\\/zyrtec-generique\\\/#primaryimage\"},\"thumbnailUrl\":\"https:\\\/\\\/localpharma.be\\\/wp-content\\\/uploads\\\/2025\\\/04\\\/zyrtec-300x300.jpg\",\"datePublished\":\"2025-04-02T08:01:52+00:00\",\"dateModified\":\"2026-09-01T18:41:14+00:00\",\"author\":{\"@id\":\"https:\\\/\\\/localpharma.be\\\/#\\\/schema\\\/person\\\/ce21c7cb4509c2ab6180d821c0add981\"},\"description\":\"Zyrtec g\u00e9n\u00e9rique \u00e0 base de c\u00e9tirizine 10 mg : rhinite allergique, urticaire, posologie selon l\u2019\u00e2ge, somnolence, insuffisance r\u00e9nale et prurit apr\u00e8s l\u2019arr\u00eat.\",\"breadcrumb\":{\"@id\":\"https:\\\/\\\/localpharma.be\\\/zyrtec-generique\\\/#breadcrumb\"},\"inLanguage\":\"de\",\"potentialAction\":[{\"@type\":\"ReadAction\",\"target\":[\"https:\\\/\\\/localpharma.be\\\/zyrtec-generique\\\/\"]}]},{\"@type\":\"ImageObject\",\"inLanguage\":\"de\",\"@id\":\"https:\\\/\\\/localpharma.be\\\/zyrtec-generique\\\/#primaryimage\",\"url\":\"https:\\\/\\\/localpharma.be\\\/wp-content\\\/uploads\\\/2025\\\/04\\\/zyrtec-300x300.jpg\",\"contentUrl\":\"https:\\\/\\\/localpharma.be\\\/wp-content\\\/uploads\\\/2025\\\/04\\\/zyrtec-300x300.jpg\"},{\"@type\":\"BreadcrumbList\",\"@id\":\"https:\\\/\\\/localpharma.be\\\/zyrtec-generique\\\/#breadcrumb\",\"itemListElement\":[{\"@type\":\"ListItem\",\"position\":1,\"name\":\"Home\",\"item\":\"https:\\\/\\\/localpharma.be\\\/\"},{\"@type\":\"ListItem\",\"position\":2,\"name\":\"Zyrtec g\u00e9n\u00e9rique : Soulager la Rhinite Allergique et l\u2019Urticaire\"}]},{\"@type\":\"WebSite\",\"@id\":\"https:\\\/\\\/localpharma.be\\\/#website\",\"url\":\"https:\\\/\\\/localpharma.be\\\/\",\"name\":\"LocalPharma\",\"description\":\"\",\"potentialAction\":[{\"@type\":\"SearchAction\",\"target\":{\"@type\":\"EntryPoint\",\"urlTemplate\":\"https:\\\/\\\/localpharma.be\\\/?s={search_term_string}\"},\"query-input\":{\"@type\":\"PropertyValueSpecification\",\"valueRequired\":true,\"valueName\":\"search_term_string\"}}],\"inLanguage\":\"de\"},{\"@type\":\"Person\",\"@id\":\"https:\\\/\\\/localpharma.be\\\/#\\\/schema\\\/person\\\/ce21c7cb4509c2ab6180d821c0add981\",\"name\":\"Romain Garcia\"}]}<\/script>\n<!-- \/ Yoast SEO plugin. -->","yoast_head_json":{"title":"Zyrtec Generikum: Cetirizin 10 mg bei Rhinitis und Urtikaria","description":"Zyrtec Generikum mit Cetirizin 10 mg: allergische Rhinitis, Urtikaria, altersabh\u00e4ngige Dosierung, M\u00fcdigkeit, Nierenfunktion und Juckreiz nach dem Absetzen.","robots":{"index":"index","follow":"follow","max-snippet":"max-snippet:-1","max-image-preview":"max-image-preview:large","max-video-preview":"max-video-preview:-1"},"canonical":"https:\/\/localpharma.be\/de\/generisches-zyrtec\/","og_locale":"de_DE","og_type":"article","og_title":"Zyrtec g\u00e9n\u00e9rique : Soulager la Rhinite Allergique et l\u2019Urticaire | LocalPharma","og_description":"Zyrtec g\u00e9n\u00e9rique \u00e0 base de c\u00e9tirizine 10 mg : rhinite allergique, urticaire, posologie selon l\u2019\u00e2ge, somnolence, insuffisance r\u00e9nale et prurit apr\u00e8s l\u2019arr\u00eat.","og_url":"https:\/\/localpharma.be\/de\/generisches-zyrtec\/","og_site_name":"LocalPharma","article_published_time":"2025-04-02T08:01:52+00:00","article_modified_time":"2026-09-01T18:41:14+00:00","og_image":[{"width":500,"height":500,"url":"https:\/\/localpharma.be\/wp-content\/uploads\/2025\/04\/zyrtec.jpg","type":"image\/jpeg"}],"author":"Romain Garcia","twitter_card":"summary_large_image","twitter_misc":{"Verfasst von":"Romain Garcia","Gesch\u00e4tzte Lesezeit":"7\u00a0Minuten"},"schema":{"@context":"https:\/\/schema.org","@graph":[{"@type":"Article","@id":"https:\/\/localpharma.be\/zyrtec-generique\/#article","isPartOf":{"@id":"https:\/\/localpharma.be\/zyrtec-generique\/"},"author":{"name":"Romain Garcia","@id":"https:\/\/localpharma.be\/#\/schema\/person\/ce21c7cb4509c2ab6180d821c0add981"},"headline":"Zyrtec g\u00e9n\u00e9rique : Soulager la Rhinite Allergique et l\u2019Urticaire","datePublished":"2025-04-02T08:01:52+00:00","dateModified":"2026-09-01T18:41:14+00:00","mainEntityOfPage":{"@id":"https:\/\/localpharma.be\/zyrtec-generique\/"},"wordCount":1407,"image":{"@id":"https:\/\/localpharma.be\/zyrtec-generique\/#primaryimage"},"thumbnailUrl":"https:\/\/localpharma.be\/wp-content\/uploads\/2025\/04\/zyrtec-300x300.jpg","articleSection":["allergie"],"inLanguage":"de"},{"@type":"WebPage","@id":"https:\/\/localpharma.be\/zyrtec-generique\/","url":"https:\/\/localpharma.be\/zyrtec-generique\/","name":"Zyrtec Generikum: Cetirizin 10 mg bei Rhinitis und Urtikaria","isPartOf":{"@id":"https:\/\/localpharma.be\/#website"},"primaryImageOfPage":{"@id":"https:\/\/localpharma.be\/zyrtec-generique\/#primaryimage"},"image":{"@id":"https:\/\/localpharma.be\/zyrtec-generique\/#primaryimage"},"thumbnailUrl":"https:\/\/localpharma.be\/wp-content\/uploads\/2025\/04\/zyrtec-300x300.jpg","datePublished":"2025-04-02T08:01:52+00:00","dateModified":"2026-09-01T18:41:14+00:00","author":{"@id":"https:\/\/localpharma.be\/#\/schema\/person\/ce21c7cb4509c2ab6180d821c0add981"},"description":"Zyrtec Generikum mit Cetirizin 10 mg: allergische Rhinitis, Urtikaria, altersabh\u00e4ngige Dosierung, M\u00fcdigkeit, Nierenfunktion und Juckreiz nach dem Absetzen.","breadcrumb":{"@id":"https:\/\/localpharma.be\/zyrtec-generique\/#breadcrumb"},"inLanguage":"de","potentialAction":[{"@type":"ReadAction","target":["https:\/\/localpharma.be\/zyrtec-generique\/"]}]},{"@type":"ImageObject","inLanguage":"de","@id":"https:\/\/localpharma.be\/zyrtec-generique\/#primaryimage","url":"https:\/\/localpharma.be\/wp-content\/uploads\/2025\/04\/zyrtec-300x300.jpg","contentUrl":"https:\/\/localpharma.be\/wp-content\/uploads\/2025\/04\/zyrtec-300x300.jpg"},{"@type":"BreadcrumbList","@id":"https:\/\/localpharma.be\/zyrtec-generique\/#breadcrumb","itemListElement":[{"@type":"ListItem","position":1,"name":"Home","item":"https:\/\/localpharma.be\/"},{"@type":"ListItem","position":2,"name":"Zyrtec g\u00e9n\u00e9rique : Soulager la Rhinite Allergique et l\u2019Urticaire"}]},{"@type":"WebSite","@id":"https:\/\/localpharma.be\/#website","url":"https:\/\/localpharma.be\/","name":"LocalPharma","description":"","potentialAction":[{"@type":"SearchAction","target":{"@type":"EntryPoint","urlTemplate":"https:\/\/localpharma.be\/?s={search_term_string}"},"query-input":{"@type":"PropertyValueSpecification","valueRequired":true,"valueName":"search_term_string"}}],"inLanguage":"de"},{"@type":"Person","@id":"https:\/\/localpharma.be\/#\/schema\/person\/ce21c7cb4509c2ab6180d821c0add981","name":"Romain Garcia"}]}},"_links":{"self":[{"href":"https:\/\/localpharma.be\/de\/wp-json\/wp\/v2\/posts\/457","targetHints":{"allow":["GET"]}}],"collection":[{"href":"https:\/\/localpharma.be\/de\/wp-json\/wp\/v2\/posts"}],"about":[{"href":"https:\/\/localpharma.be\/de\/wp-json\/wp\/v2\/types\/post"}],"author":[{"embeddable":true,"href":"https:\/\/localpharma.be\/de\/wp-json\/wp\/v2\/users\/2"}],"replies":[{"embeddable":true,"href":"https:\/\/localpharma.be\/de\/wp-json\/wp\/v2\/comments?post=457"}],"version-history":[{"count":75,"href":"https:\/\/localpharma.be\/de\/wp-json\/wp\/v2\/posts\/457\/revisions"}],"predecessor-version":[{"id":3644,"href":"https:\/\/localpharma.be\/de\/wp-json\/wp\/v2\/posts\/457\/revisions\/3644"}],"wp:attachment":[{"href":"https:\/\/localpharma.be\/de\/wp-json\/wp\/v2\/media?parent=457"}],"wp:term":[{"taxonomy":"category","embeddable":true,"href":"https:\/\/localpharma.be\/de\/wp-json\/wp\/v2\/categories?post=457"},{"taxonomy":"post_tag","embeddable":true,"href":"https:\/\/localpharma.be\/de\/wp-json\/wp\/v2\/tags?post=457"}],"curies":[{"name":"wp","href":"https:\/\/api.w.org\/{rel}","templated":true}]}}