{"id":681,"date":"2025-02-07T19:15:27","date_gmt":"2025-02-07T19:15:27","guid":{"rendered":"https:\/\/localpharma.be\/?p=681"},"modified":"2025-12-27T18:00:03","modified_gmt":"2025-12-27T18:00:03","slug":"fruhe-lyme-borreliose-sichere-anwendung-von-amoxicillin","status":"publish","type":"post","link":"https:\/\/localpharma.be\/de\/fruhe-lyme-borreliose-sichere-anwendung-von-amoxicillin\/","title":{"rendered":"Fr\u00fche Lyme-Borreliose: Sichere Anwendung von Amoxicillin"},"content":{"rendered":"<section>\n<h2>Hintergrundinformationen zur Lyme-Borreliose<\/h2>\n<p>Borreliose ist eine bakterielle Infektion, die durch Zecken der Gattung Ixodes \u00fcbertragen wird.<\/p>\n<p>In Europa und Nordamerika hat die Verbreitung der Art in den letzten Jahrzehnten stetig zugenommen, insbesondere aufgrund des Klimawandels und der Ausbreitung von Waldlebensr\u00e4umen.<\/p>\n<p><strong>Die fr\u00fche Phase, die sogenannte lokalisierte Phase, kommt am h\u00e4ufigsten vor und ist am einfachsten zu behandeln, sofern die Diagnose schnell gestellt wird.<\/strong><\/p>\n<p>Der Erreger, <b>Borrelia burgdorferi<\/b> (oder verwandte Arten) vermehrt sich nach dem Biss einer infizierten Zecke in der Haut und kann sich bei verz\u00f6gerter Behandlung m\u00f6glicherweise auf andere Organe ausbreiten.<\/p>\n<\/section>\n<section>\n<h2>Klinische Manifestationen und Diagnose<\/h2>\n<p>Das wichtigste klinische Zeichen ist das Erythema migrans, eine rote Hautl\u00e4sion mit fortschreitender zentrifugaler Ausbreitung, die oft von m\u00e4\u00dfigen Allgemeinsymptomen begleitet wird.<\/p>\n<p>Das Erkennen dieses Erythems erm\u00f6glicht die Erstellung einer klinischen Diagnose, ohne auf serologische Ergebnisse warten zu m\u00fcssen.<\/p>\n<ul>\n<li>Ungew\u00f6hnliche M\u00fcdigkeit;<\/li>\n<li>Leichtes Fieber;<\/li>\n<li>Diffuse Gelenkschmerzen;<\/li>\n<li>M\u00e4\u00dfige Kopfschmerzen.<\/li>\n<\/ul>\n<p>Nach den aktuellen Empfehlungen (HAS 2024) reicht das Auftreten eines Erythema migrans aus, um eine <b>Antibiotikabehandlung<\/b> ohne dass eine sofortige biologische Best\u00e4tigung erforderlich ist.<\/p>\n<\/section>\n<section>\n<h2>Warum wird Amoxicillin bevorzugt?<\/h2>\n<p><b>Amoxicillin<\/b> ist eine anerkannte First-Line-Option f\u00fcr <b>Behandlung von Lyme-Borreliose<\/b> im Fr\u00fchstadium, insbesondere bei bestimmten Gruppen wie Kindern unter 8 Jahren, schwangeren oder stillenden Frauen und Erwachsenen mit einer Unvertr\u00e4glichkeit gegen\u00fcber Tetracyclinen.<\/p>\n<p>Diese Wahl basiert auf mehreren Faktoren: seinem hervorragenden Vertr\u00e4glichkeitsprofil, <strong>seine nachgewiesene Wirksamkeit gegen Borrelia burgdorferi und seine Sicherheit w\u00e4hrend der Schwangerschaft und Stillzeit. <\/strong><\/p>\n<p>Dar\u00fcber hinaus l\u00e4sst sich Amoxicillin leicht oral verabreichen, was eine gute Therapietreue f\u00f6rdert.<\/p>\n<\/section>\n<section>\n<h2>Empfohlenes Behandlungsschema<\/h2>\n<table border=\"1\">\n<thead>\n<tr>\n<th>Bev\u00f6lkerung<\/th>\n<th>Antibiotikum<\/th>\n<th>Standarddosis<\/th>\n<th>Maximale Dosis pro Tag<\/th>\n<th>Frequenz<\/th>\n<th>Dauer der Behandlung<\/th>\n<th>Kommentare<\/th>\n<\/tr>\n<\/thead>\n<tbody>\n<tr>\n<td>Erwachsene<\/td>\n<td>Amoxicillin<\/td>\n<td>500 mg bis 1 g pro Dosis<\/td>\n<td>3 g pro Tag<\/td>\n<td>3 mal t\u00e4glich<\/td>\n<td>14 bis 21 Tage<\/td>\n<td>Kann auf 21 Tage verl\u00e4ngert werden, wenn die Symptome anhalten oder mehrere Erytheme<\/td>\n<\/tr>\n<tr>\n<td>Kinder (&lt;40 kg)<\/td>\n<td>Amoxicillin<\/td>\n<td>50 mg\/kg\/Tag<\/td>\n<td>1500 mg\/Tag<\/td>\n<td>Aufgeteilt in 3 Dosen<\/td>\n<td>14 bis 21 Tage<\/td>\n<td>Genaue Dosisberechnung basierend auf dem Gewicht; Anpassung bei Gewicht &gt;30 kg an Erwachsenendiagramm m\u00f6glich<\/td>\n<\/tr>\n<tr>\n<td>Schwangere Frauen<\/td>\n<td>Amoxicillin<\/td>\n<td>1 g pro Dosis<\/td>\n<td>3 g pro Tag<\/td>\n<td>3 mal t\u00e4glich<\/td>\n<td>21 Tage<\/td>\n<td>Systematische 21-t\u00e4gige Behandlung zur Vorbeugung disseminierter Formen<\/td>\n<\/tr>\n<\/tbody>\n<\/table>\n<hr>\n<p>Zus\u00e4tzliche Erl\u00e4uterungen:<\/p>\n<ul>\n<li>Bei Erwachsenen betr\u00e4gt die maximal empfohlene Tagesdosis 3 g, aufgeteilt auf 3 Dosen.<\/li>\n<li>Bei Kindern wird die Dosierung immer dem K\u00f6rpergewicht angepasst und sollte ohne besondere Begr\u00fcndung 1,5 g\/Tag nicht \u00fcberschreiten.<\/li>\n<li>Bei schwangeren Frauen wird auch bei rascher klinischer Reaktion eine l\u00e4ngere Behandlung (21 Tage) empfohlen, um eine vollst\u00e4ndige Ausrottung zu gew\u00e4hrleisten und den F\u00f6tus zu sch\u00fctzen.<\/li>\n<li>Um die wirksame Konzentration aufrechtzuerhalten, sollte die Dosis gleichm\u00e4\u00dfig \u00fcber den Tag verteilt werden (alle 8 Stunden).<\/li>\n<\/ul>\n<\/section>\n<section>\n<h2>\u00dcberwachung und erwartete Entwicklungen<\/h2>\n<p>Nach Beginn der Behandlung tritt normalerweise rasch eine klinische Besserung ein.<\/p>\n<p>Das Erythema migrans verschwindet innerhalb weniger Tage allm\u00e4hlich und die systemischen Symptome bilden sich parallel dazu zur\u00fcck.<\/p>\n<p>Eine Restm\u00fcdigkeit kann mehrere Wochen anhalten, ohne dass dies zwangsl\u00e4ufig auf ein Versagen der Therapie hindeutet.<\/p>\n<p>Nach einer erfolgreichen Fr\u00fchbehandlung ist es nicht notwendig, Kontrollserologien durchzuf\u00fchren, da das Fortbestehen von Antik\u00f6rpern kein Hinweis auf eine aktive Infektion ist.<\/p>\n<p>Auf der anderen Seite, <strong>Eine Verschlechterung der Symptome oder das Auftreten neurologischer oder Gelenkerkrankungen erfordern eine sofortige Neubewertung und k\u00f6nnen eine intraven\u00f6se Behandlung rechtfertigen.<\/strong><\/p>\n<\/section>\n<section>\n<h2>Therapiealternativen bei Allergie<\/h2>\n<p>Wenn Amoxicillin nicht angezeigt ist (dokumentierte Beta-Lactam-Allergie vom Soforttyp), sind andere Optionen m\u00f6glich.<\/p>\n<ul>\n<li>Azithromycin wird 14 Tage lang verabreicht;<\/li>\n<li>Cefuroxim-Axetil f\u00fcr 14 bis 21 Tage.<\/li>\n<\/ul>\n<p>Dort <a href=\"https:\/\/localpharma.be\/de\/generisches-doxycyclin\/\">Doxycyclin<\/a> bleibt au\u00dferhalb der Schwangerschaft die Referenzbehandlung, ist jedoch bei schwangeren Frauen und Kindern unter 8 Jahren kontraindiziert.<\/p>\n<\/section>\n<section>\n<h2>Vorbeugung von Lyme-Borreliose<\/h2>\n<p>Die Krankheitsvorbeugung basiert haupts\u00e4chlich auf einfachen Verhaltensma\u00dfnahmen:<\/p>\n<ul>\n<li>Tragen Sie beim Spaziergang im Wald oder im hohen Gras lange, helle Kleidung;<\/li>\n<li>Verwenden Sie Zeckenschutzmittel (DEET, Icaridin);<\/li>\n<li>Untersuchen Sie die Haut sorgf\u00e4ltig, nachdem Sie einer riskanten Umgebung ausgesetzt waren.<\/li>\n<li>Eine festsitzende Zecke sofort mit einer geeigneten Zeckenzange entfernen.<\/li>\n<\/ul>\n<p>Ein Projekt von <b>Borrelien-Impfstoff<\/b> befindet sich in Europa in einer fortgeschrittenen Evaluierungsphase und d\u00fcrfte voraussichtlich bis 2026 verf\u00fcgbar sein. Damit bietet es neue Hoffnung im Kampf gegen diese Infektion.<\/p>\n<\/section>\n<section>\n<h2>Zur Erinnerung<\/h2>\n<ul>\n<li>Bei fr\u00fchzeitiger Erkennung kann die Lyme-Borreliose im Fr\u00fchstadium wirksam behandelt werden.<\/li>\n<li>Amoxicillin ist eine sichere und empfohlene Option f\u00fcr Kinder, schwangere Frauen und Personen mit Kontraindikationen f\u00fcr Tetracycline.<\/li>\n<li>Um die Auswirkungen dieser Infektion zu begrenzen, sind die Einhaltung des Antibiotikaprotokolls, die klinische \u00dcberwachung und individuelle Pr\u00e4ventionsma\u00dfnahmen von entscheidender Bedeutung.<\/li>\n<\/ul>\n<\/section>","protected":false},"excerpt":{"rendered":"<p>Contexte de la maladie de Lyme La maladie de Lyme est une infection bact\u00e9rienne transmise par les tiques du genre Ixodes. En Europe et en Am\u00e9rique du Nord, son incidence est en constante augmentation depuis les derni\u00e8res d\u00e9cennies, notamment sous l&rsquo;effet du changement climatique et de l&rsquo;expansion des habitats forestiers. La phase pr\u00e9coce, dite localis\u00e9e, [&hellip;]<\/p>\n","protected":false},"author":2,"featured_media":0,"comment_status":"closed","ping_status":"open","sticky":false,"template":"","format":"standard","meta":{"footnotes":""},"categories":[22],"tags":[23],"class_list":["post-681","post","type-post","status-publish","format-standard","hentry","category-antibiotiques","tag-amoxicilline"],"yoast_head":"<!-- This site is optimized with the Yoast SEO plugin v27.4 - https:\/\/yoast.com\/product\/yoast-seo-wordpress\/ -->\n<title>Maladie de Lyme pr\u00e9coce : utilisation s\u00fbre de l&#039;amoxicilline | LocalPharma<\/title>\n<meta name=\"robots\" content=\"index, follow, max-snippet:-1, max-image-preview:large, max-video-preview:-1\" \/>\n<link rel=\"canonical\" href=\"https:\/\/localpharma.be\/de\/fruhe-lyme-borreliose-sichere-anwendung-von-amoxicillin\/\" \/>\n<meta property=\"og:locale\" content=\"de_DE\" \/>\n<meta property=\"og:type\" content=\"article\" \/>\n<meta property=\"og:title\" content=\"Maladie de Lyme pr\u00e9coce : utilisation s\u00fbre de l&#039;amoxicilline | LocalPharma\" \/>\n<meta property=\"og:description\" content=\"Contexte de la maladie de Lyme La maladie de Lyme est une infection bact\u00e9rienne transmise par les tiques du genre Ixodes. En Europe et en Am\u00e9rique du Nord, son incidence est en constante augmentation depuis les derni\u00e8res d\u00e9cennies, notamment sous l&rsquo;effet du changement climatique et de l&rsquo;expansion des habitats forestiers. La phase pr\u00e9coce, dite localis\u00e9e, [&hellip;]\" \/>\n<meta property=\"og:url\" content=\"https:\/\/localpharma.be\/de\/fruhe-lyme-borreliose-sichere-anwendung-von-amoxicillin\/\" \/>\n<meta property=\"og:site_name\" content=\"LocalPharma\" \/>\n<meta property=\"article:published_time\" content=\"2025-02-07T19:15:27+00:00\" \/>\n<meta property=\"article:modified_time\" content=\"2025-12-27T18:00:03+00:00\" \/>\n<meta name=\"author\" content=\"Romain Garcia\" \/>\n<meta name=\"twitter:card\" content=\"summary_large_image\" \/>\n<meta name=\"twitter:label1\" content=\"Verfasst von\" \/>\n\t<meta name=\"twitter:data1\" content=\"Romain Garcia\" \/>\n\t<meta name=\"twitter:label2\" content=\"Gesch\u00e4tzte Lesezeit\" \/>\n\t<meta name=\"twitter:data2\" content=\"4\u00a0Minuten\" \/>\n<script type=\"application\/ld+json\" class=\"yoast-schema-graph\">{\"@context\":\"https:\\\/\\\/schema.org\",\"@graph\":[{\"@type\":\"Article\",\"@id\":\"https:\\\/\\\/localpharma.be\\\/maladie-de-lyme-precoce-utilisation-sure-de-lamoxicilline\\\/#article\",\"isPartOf\":{\"@id\":\"https:\\\/\\\/localpharma.be\\\/maladie-de-lyme-precoce-utilisation-sure-de-lamoxicilline\\\/\"},\"author\":{\"name\":\"Romain Garcia\",\"@id\":\"https:\\\/\\\/localpharma.be\\\/#\\\/schema\\\/person\\\/ce21c7cb4509c2ab6180d821c0add981\"},\"headline\":\"Maladie de Lyme pr\u00e9coce : utilisation s\u00fbre de l&rsquo;amoxicilline\",\"datePublished\":\"2025-02-07T19:15:27+00:00\",\"dateModified\":\"2025-12-27T18:00:03+00:00\",\"mainEntityOfPage\":{\"@id\":\"https:\\\/\\\/localpharma.be\\\/maladie-de-lyme-precoce-utilisation-sure-de-lamoxicilline\\\/\"},\"wordCount\":893,\"keywords\":[\"amoxicilline\"],\"articleSection\":[\"antibiotiques\"],\"inLanguage\":\"de\"},{\"@type\":\"WebPage\",\"@id\":\"https:\\\/\\\/localpharma.be\\\/maladie-de-lyme-precoce-utilisation-sure-de-lamoxicilline\\\/\",\"url\":\"https:\\\/\\\/localpharma.be\\\/maladie-de-lyme-precoce-utilisation-sure-de-lamoxicilline\\\/\",\"name\":\"Maladie de Lyme pr\u00e9coce : utilisation s\u00fbre de l'amoxicilline | LocalPharma\",\"isPartOf\":{\"@id\":\"https:\\\/\\\/localpharma.be\\\/#website\"},\"datePublished\":\"2025-02-07T19:15:27+00:00\",\"dateModified\":\"2025-12-27T18:00:03+00:00\",\"author\":{\"@id\":\"https:\\\/\\\/localpharma.be\\\/#\\\/schema\\\/person\\\/ce21c7cb4509c2ab6180d821c0add981\"},\"breadcrumb\":{\"@id\":\"https:\\\/\\\/localpharma.be\\\/maladie-de-lyme-precoce-utilisation-sure-de-lamoxicilline\\\/#breadcrumb\"},\"inLanguage\":\"de\",\"potentialAction\":[{\"@type\":\"ReadAction\",\"target\":[\"https:\\\/\\\/localpharma.be\\\/maladie-de-lyme-precoce-utilisation-sure-de-lamoxicilline\\\/\"]}]},{\"@type\":\"BreadcrumbList\",\"@id\":\"https:\\\/\\\/localpharma.be\\\/maladie-de-lyme-precoce-utilisation-sure-de-lamoxicilline\\\/#breadcrumb\",\"itemListElement\":[{\"@type\":\"ListItem\",\"position\":1,\"name\":\"Home\",\"item\":\"https:\\\/\\\/localpharma.be\\\/\"},{\"@type\":\"ListItem\",\"position\":2,\"name\":\"Maladie de Lyme pr\u00e9coce : utilisation s\u00fbre de l&#8217;amoxicilline\"}]},{\"@type\":\"WebSite\",\"@id\":\"https:\\\/\\\/localpharma.be\\\/#website\",\"url\":\"https:\\\/\\\/localpharma.be\\\/\",\"name\":\"LocalPharma\",\"description\":\"\",\"potentialAction\":[{\"@type\":\"SearchAction\",\"target\":{\"@type\":\"EntryPoint\",\"urlTemplate\":\"https:\\\/\\\/localpharma.be\\\/?s={search_term_string}\"},\"query-input\":{\"@type\":\"PropertyValueSpecification\",\"valueRequired\":true,\"valueName\":\"search_term_string\"}}],\"inLanguage\":\"de\"},{\"@type\":\"Person\",\"@id\":\"https:\\\/\\\/localpharma.be\\\/#\\\/schema\\\/person\\\/ce21c7cb4509c2ab6180d821c0add981\",\"name\":\"Romain Garcia\"}]}<\/script>\n<!-- \/ Yoast SEO plugin. -->","yoast_head_json":{"title":"Fr\u00fche Lyme-Borreliose: Sichere Anwendung von Amoxicillin | LocalPharma","robots":{"index":"index","follow":"follow","max-snippet":"max-snippet:-1","max-image-preview":"max-image-preview:large","max-video-preview":"max-video-preview:-1"},"canonical":"https:\/\/localpharma.be\/de\/fruhe-lyme-borreliose-sichere-anwendung-von-amoxicillin\/","og_locale":"de_DE","og_type":"article","og_title":"Maladie de Lyme pr\u00e9coce : utilisation s\u00fbre de l'amoxicilline | LocalPharma","og_description":"Contexte de la maladie de Lyme La maladie de Lyme est une infection bact\u00e9rienne transmise par les tiques du genre Ixodes. En Europe et en Am\u00e9rique du Nord, son incidence est en constante augmentation depuis les derni\u00e8res d\u00e9cennies, notamment sous l&rsquo;effet du changement climatique et de l&rsquo;expansion des habitats forestiers. La phase pr\u00e9coce, dite localis\u00e9e, [&hellip;]","og_url":"https:\/\/localpharma.be\/de\/fruhe-lyme-borreliose-sichere-anwendung-von-amoxicillin\/","og_site_name":"LocalPharma","article_published_time":"2025-02-07T19:15:27+00:00","article_modified_time":"2025-12-27T18:00:03+00:00","author":"Romain Garcia","twitter_card":"summary_large_image","twitter_misc":{"Verfasst von":"Romain Garcia","Gesch\u00e4tzte Lesezeit":"4\u00a0Minuten"},"schema":{"@context":"https:\/\/schema.org","@graph":[{"@type":"Article","@id":"https:\/\/localpharma.be\/maladie-de-lyme-precoce-utilisation-sure-de-lamoxicilline\/#article","isPartOf":{"@id":"https:\/\/localpharma.be\/maladie-de-lyme-precoce-utilisation-sure-de-lamoxicilline\/"},"author":{"name":"Romain Garcia","@id":"https:\/\/localpharma.be\/#\/schema\/person\/ce21c7cb4509c2ab6180d821c0add981"},"headline":"Maladie de Lyme pr\u00e9coce : utilisation s\u00fbre de l&rsquo;amoxicilline","datePublished":"2025-02-07T19:15:27+00:00","dateModified":"2025-12-27T18:00:03+00:00","mainEntityOfPage":{"@id":"https:\/\/localpharma.be\/maladie-de-lyme-precoce-utilisation-sure-de-lamoxicilline\/"},"wordCount":893,"keywords":["amoxicilline"],"articleSection":["antibiotiques"],"inLanguage":"de"},{"@type":"WebPage","@id":"https:\/\/localpharma.be\/maladie-de-lyme-precoce-utilisation-sure-de-lamoxicilline\/","url":"https:\/\/localpharma.be\/maladie-de-lyme-precoce-utilisation-sure-de-lamoxicilline\/","name":"Fr\u00fche Lyme-Borreliose: Sichere Anwendung von Amoxicillin | LocalPharma","isPartOf":{"@id":"https:\/\/localpharma.be\/#website"},"datePublished":"2025-02-07T19:15:27+00:00","dateModified":"2025-12-27T18:00:03+00:00","author":{"@id":"https:\/\/localpharma.be\/#\/schema\/person\/ce21c7cb4509c2ab6180d821c0add981"},"breadcrumb":{"@id":"https:\/\/localpharma.be\/maladie-de-lyme-precoce-utilisation-sure-de-lamoxicilline\/#breadcrumb"},"inLanguage":"de","potentialAction":[{"@type":"ReadAction","target":["https:\/\/localpharma.be\/maladie-de-lyme-precoce-utilisation-sure-de-lamoxicilline\/"]}]},{"@type":"BreadcrumbList","@id":"https:\/\/localpharma.be\/maladie-de-lyme-precoce-utilisation-sure-de-lamoxicilline\/#breadcrumb","itemListElement":[{"@type":"ListItem","position":1,"name":"Home","item":"https:\/\/localpharma.be\/"},{"@type":"ListItem","position":2,"name":"Maladie de Lyme pr\u00e9coce : utilisation s\u00fbre de l&#8217;amoxicilline"}]},{"@type":"WebSite","@id":"https:\/\/localpharma.be\/#website","url":"https:\/\/localpharma.be\/","name":"LocalPharma","description":"","potentialAction":[{"@type":"SearchAction","target":{"@type":"EntryPoint","urlTemplate":"https:\/\/localpharma.be\/?s={search_term_string}"},"query-input":{"@type":"PropertyValueSpecification","valueRequired":true,"valueName":"search_term_string"}}],"inLanguage":"de"},{"@type":"Person","@id":"https:\/\/localpharma.be\/#\/schema\/person\/ce21c7cb4509c2ab6180d821c0add981","name":"Romain Garcia"}]}},"_links":{"self":[{"href":"https:\/\/localpharma.be\/de\/wp-json\/wp\/v2\/posts\/681","targetHints":{"allow":["GET"]}}],"collection":[{"href":"https:\/\/localpharma.be\/de\/wp-json\/wp\/v2\/posts"}],"about":[{"href":"https:\/\/localpharma.be\/de\/wp-json\/wp\/v2\/types\/post"}],"author":[{"embeddable":true,"href":"https:\/\/localpharma.be\/de\/wp-json\/wp\/v2\/users\/2"}],"replies":[{"embeddable":true,"href":"https:\/\/localpharma.be\/de\/wp-json\/wp\/v2\/comments?post=681"}],"version-history":[{"count":4,"href":"https:\/\/localpharma.be\/de\/wp-json\/wp\/v2\/posts\/681\/revisions"}],"predecessor-version":[{"id":814,"href":"https:\/\/localpharma.be\/de\/wp-json\/wp\/v2\/posts\/681\/revisions\/814"}],"wp:attachment":[{"href":"https:\/\/localpharma.be\/de\/wp-json\/wp\/v2\/media?parent=681"}],"wp:term":[{"taxonomy":"category","embeddable":true,"href":"https:\/\/localpharma.be\/de\/wp-json\/wp\/v2\/categories?post=681"},{"taxonomy":"post_tag","embeddable":true,"href":"https:\/\/localpharma.be\/de\/wp-json\/wp\/v2\/tags?post=681"}],"curies":[{"name":"wp","href":"https:\/\/api.w.org\/{rel}","templated":true}]}}