{"id":806,"date":"2025-05-22T09:19:22","date_gmt":"2025-05-22T09:19:22","guid":{"rendered":"https:\/\/localpharma.be\/?p=806"},"modified":"2026-09-02T07:05:32","modified_gmt":"2026-09-02T07:05:32","slug":"generisches-doxycyclin","status":"publish","type":"post","link":"https:\/\/localpharma.be\/de\/generisches-doxycyclin\/","title":{"rendered":"Generisches Doxycyclin 100 mg: Antibiotikum f\u00fcr klar Begrenzte Anwendungen"},"content":{"rendered":"<div data-elementor-type=\"wp-post\" data-elementor-id=\"806\" class=\"elementor elementor-806\" data-elementor-post-type=\"post\">\n\t\t\t\t<div class=\"elementor-element elementor-element-75776de e-flex e-con-boxed e-con e-parent\" data-id=\"75776de\" data-element_type=\"container\" data-e-type=\"container\">\n\t\t\t\t\t<div class=\"e-con-inner\">\n\t\t\t\t<div class=\"elementor-element elementor-element-35e2a51 elementor-widget elementor-widget-html\" data-id=\"35e2a51\" data-element_type=\"widget\" data-e-type=\"widget\" data-widget_type=\"html.default\">\n\t\t\t\t<div class=\"elementor-widget-container\">\n\t\t\t\t\t<div class=\"translation-block\">\n\n<div class=\"translation-block\">\n\n\n<div class=\"product-block\">\n<div class=\"product-image\">\n<img src=\"https:\/\/localpharma.be\/wp-content\/uploads\/2025\/05\/doxycycline-0-450x3600-1.jpg\" alt=\"Generisches Doxycyclin 100 mg\">\n<\/div>\n\n<div class=\"product-table\">\n<p class=\"med-warning\">Dies ist ein Arzneimittel. Keine l\u00e4ngere Anwendung ohne medizinischen Rat.<\/p>\n<table>\n<tbody>\n<tr><td>Name des Arzneimittels:<\/td><td>Generisches Doxycyclin<\/td><\/tr>\n<tr><td>Wirkstoff :<\/td><td>Doxycyclin<\/td><\/tr>\n<tr><td>Hersteller:<\/td><td>Nicht angegeben<\/td><\/tr>\n<tr><td>Form \/ St\u00e4rke:<\/td><td>Tablette 100 mg<\/td><\/tr>\n<tr><td>Preis :<\/td><td><strong>Preis je nach Pr\u00e4parat zu best\u00e4tigen<\/strong><br><small>Preisgarantie \u00fcber LocalPharma<\/small><\/td><\/tr>\n<tr><td>Apotheke :<\/td><td>Wird nach Ihrer Adresse und der Verf\u00fcgbarkeit ausgew\u00e4hlt<\/td><\/tr>\n<tr><td>Lieferung :<\/td><td>Zeitraum wird nach Auswahl der Apotheke angegeben<\/td><\/tr>\n<tr><td>Bestellen :<\/td><td><a href=\"#\" class=\"button\">Verf\u00fcgbarkeit pr\u00fcfen<\/a><br><small>Abgabe durch eine autorisierte Partnerapotheke gegen Rezept.<\/small><\/td><\/tr>\n<\/tbody>\n<\/table>\n<\/div>\n<\/div>\n\n\n\n<section>\n<h2>Wann wird Doxycyclin verschrieben?<\/h2>\n<p><b>Generisches Doxycyclin<\/b> geh\u00f6rt zu den Tetracyclinen. Es hemmt die Proteinsynthese bestimmter Bakterien und begrenzt dadurch deren Vermehrung. Sein Einsatz h\u00e4ngt vom vermuteten oder nachgewiesenen Erreger, dem Infektionsort und den geltenden Empfehlungen ab.<\/p>\n<p>In Belgien kann Doxycyclin unter anderem bei bestimmten Chlamydieninfektionen, Lyme-Borreliose, einigen Rickettsiosen, Atemwegsinfektionen durch empfindliche Erreger und bestimmten Formen entz\u00fcndlicher Akne eingesetzt werden. Auch die Malariaprophylaxe kann je nach Reiseziel eine besondere Indikation sein.<\/p>\n<p>Mehr \u00fcber den gezielten Einsatz von Antibiotika erfahren Sie in unserem Beitrag \u00fcber <a href=\"https:\/\/localpharma.be\/de\/antibiotika-management\/\" target=\"_blank\" rel=\"noopener\">Antibiotika-Management<\/a>.<\/p>\n<\/section>\n\n<section>\n<h2>Chlamydien: ein klar definiertes Behandlungsschema<\/h2>\n<p>Bei einer unkomplizierten urogenitalen, anorektalen oder pharyngealen Chlamydia-trachomatis-Infektion bei M\u00e4nnern und nicht schwangeren Frauen empfehlen belgische Leitlinien <b>Doxycyclin 100 mg zweimal t\u00e4glich<\/b> f\u00fcr 7 Tage.<\/p>\n<p>Das Lymphogranuloma venereum ist eine eigene Situation. Der BAPCOC-Leitfaden 2026 sieht dann Doxycyclin 100 mg zweimal t\u00e4glich \u00fcber 20 Tage vor, wenn Best\u00e4tigung oder Status dies erfordern.<\/p>\n<p><strong>Eine sexuell \u00fcbertragbare Infektion sollte nicht allein aufgrund von Symptomen ohne geeignete Diagnostik und gegebenenfalls Partnermanagement behandelt werden.<\/strong><\/p>\n<\/section>\n\n<section>\n<h2>Lyme-Borreliose nach einem Zeckenstich<\/h2>\n<p>Doxycyclin geh\u00f6rt zu den Standardtherapien bestimmter fr\u00fcher Formen der Lyme-Borreliose. Bei Erythema migrans nennt das BCFI f\u00fcr Erwachsene unter anderem 100 mg zweimal t\u00e4glich \u00fcber 10 Tage.<\/p>\n<p>Ein Zeckenstich allein bedeutet jedoch nicht automatisch, dass ein Antibiotikum erforderlich ist. Entscheidend sind klinische Zeichen und Expositionskontext.<\/p>\n<\/section>\n\n<section>\n<h2>Entz\u00fcndliche Akne: warum die Dauer begrenzt bleibt<\/h2>\n<p>Bei schwerer papulopustul\u00f6ser Akne kann <b>Doxycyclin gegen Akne<\/b> mit 100 mg einmal t\u00e4glich eingesetzt werden. Das BCFI empfiehlt mindestens 6 Wochen und h\u00f6chstens 3 Monate, um unn\u00f6tige Antibiotikaexposition zu begrenzen.<\/p>\n<p>Die orale Behandlung sollte Teil eines umfassenderen dermatologischen Konzepts sein. Eine Antibiotikatherapie allein wegen einzelner verbleibender L\u00e4sionen zu verl\u00e4ngern, erh\u00f6ht das Resistenzrisiko ohne gesicherten Zusatznutzen.<\/p>\n<\/section>\n\n<section>\n<h2>Wie nimmt man Doxycyclin 100 mg ein, ohne die Speiser\u00f6hre zu reizen?<\/h2>\n<p><b>Doxycyclin 100 mg einnehmen<\/b> sollte man mit ausreichend Wasser. Zu wenig Fl\u00fcssigkeit oder Hinlegen unmittelbar nach der Einnahme erh\u00f6ht das Risiko von Reizung, Geschw\u00fcrbildung oder Entz\u00fcndung der Speiser\u00f6hre.<\/p>\n<p>Die Tablette wird am besten sitzend oder stehend eingenommen. Danach sollte man sich nicht sofort hinlegen. Das verordnete Einnahmeschema muss w\u00e4hrend der gesamten Behandlungsdauer eingehalten werden.<\/p>\n\n<section>\n<h3>Vergessene Einnahme<\/h3>\n<p>Eine vergessene Dosis sollte nicht automatisch durch die doppelte Menge ersetzt werden. Je nach Zeitpunkt gelten die Hinweise der Packungsbeilage oder die Empfehlung der Apotheke.<\/p>\n<\/section>\n\n<section>\n<h3>Behandlungsdauer<\/h3>\n<p>Die Dauer unterscheidet sich deutlich je nach Indikation. Chlamydien, Erythema migrans und entz\u00fcndliche Akne folgen nicht demselben Schema.<\/p>\n<\/section>\n<\/section>\n\n<section>\n<h2>Eisen, Magnesium, Zink und Antazida<\/h2>\n<p>Calcium, Magnesium, Aluminium, Eisen und Zink k\u00f6nnen mit Doxycyclin Komplexe bilden und seine Aufnahme im Darm vermindern. Das betrifft bestimmte Antazida, Mineralstoffpr\u00e4parate und Arzneimittel mit diesen Bestandteilen.<\/p>\n<p><b>Wechselwirkungen mit Doxycyclin<\/b> sollten mit der Apotheke gepr\u00fcft werden, damit Einnahmeabst\u00e4nde korrekt eingehalten werden. Systemische Retinoide, bestimmte Antikoagulanzien und weitere Arzneimittel k\u00f6nnen ebenfalls besondere Aufmerksamkeit erfordern.<\/p>\n<\/section>\n\n<section>\n<h2>Sonne und Lichtempfindlichkeit w\u00e4hrend der Behandlung<\/h2>\n<p>Doxycyclin kann die Empfindlichkeit der Haut gegen\u00fcber ultraviolettem Licht erh\u00f6hen. Dadurch kann leichter eine sonnenbrand\u00e4hnliche Reaktion entstehen, manchmal schon nach einer sonst gut vertragenen Exposition.<\/p>\n<p>Intensive Sonne und k\u00fcnstliche UV-Strahlung sollten begrenzt, exponierte Haut bedeckt und w\u00e4hrend der Behandlung geeigneter Sonnenschutz verwendet werden.<\/p>\n<\/section>\n\n<section>\n<h2>Nebenwirkungen, die man erkennen sollte<\/h2>\n<p>Am h\u00e4ufigsten treten Magen-Darm-Beschwerden wie \u00dcbelkeit, Bauchbeschwerden oder Durchfall auf. Auch Kopfschmerzen, Hautreaktionen oder Candidosen sind m\u00f6glich.<\/p>\n<ul>\n<li>Schmerz oder Brennen hinter dem Brustbein als m\u00f6gliches Zeichen einer Speiser\u00f6hrenreizung;<\/li>\n<li>starke Hautreaktion nach Sonnenexposition;<\/li>\n<li>ungew\u00f6hnliche Kopfschmerzen zusammen mit Sehst\u00f6rungen;<\/li>\n<li>schwere allergische Reaktion oder starker anhaltender Durchfall.<\/li>\n<\/ul>\n<p>Starke, neue oder rasch zunehmende Beschwerden sollten medizinisch abgekl\u00e4rt werden.<\/p>\n<\/section>\n\n<section>\n<h2>Schwangerschaft, Stillzeit und Kindesalter<\/h2>\n<p>Tetracycline k\u00f6nnen w\u00e4hrend der Zahnentwicklung Zahnfarbe und Zahnschmelz beeinflussen. Die belgische Vibratab-Packungsbeilage nennt Doxycyclin w\u00e4hrend der Schwangerschaft kontraindiziert, au\u00dfer in au\u00dfergew\u00f6hnlichen lebensbedrohlichen Situationen, wenn keine Alternative verf\u00fcgbar ist.<\/p>\n<p>Doxycyclin geht in die Muttermilch \u00fcber und wird w\u00e4hrend der Stillzeit nicht empfohlen. Bei Kindern m\u00fcssen Alter, Indikation und Nutzen-Risiko-Verh\u00e4ltnis \u00e4rztlich bewertet werden.<\/p>\n<\/section>\n\n<section>\n<h2>Preise von Doxycyclin-Pr\u00e4paraten in Belgien<\/h2>\n<p>Der Preis unterscheidet sich je nach Pr\u00e4parat. Das BCFI f\u00fchrt derzeit Doxycycline Sandoz 100 mg, 10 Tabletten, f\u00fcr 7,94 \u20ac, Doxycycline EG 100 mg, 10 Tabletten, f\u00fcr 8,69 \u20ac, und Vibratab 100 mg, 10 Tabletten, f\u00fcr 8,73 \u20ac.<\/p>\n<p>Diese Betr\u00e4ge gelten f\u00fcr konkrete Produkte und d\u00fcrfen nicht als einheitlicher Preis f\u00fcr <b>generisches Doxycyclin in Belgien<\/b> dargestellt werden. Das tats\u00e4chlich abgegebene Pr\u00e4parat, eine m\u00f6gliche Erstattung und die Verschreibung bestimmen den realen Zahlbetrag.<\/p>\n<\/section>\n\n<section>\n<h2>Abgabe auf Rezept und Reservierung in der Apotheke<\/h2>\n<p>Doxycyclin ist verschreibungspflichtig. In Belgien d\u00fcrfen verschreibungspflichtige Arzneimittel nicht online verkauft werden.<\/p>\n<p>Eine Apotheke kann ihre Website jedoch f\u00fcr eine Reservierung mit anschlie\u00dfender Abholung in der Apotheke nutzen. Dies darf nicht als Online-Verkauf oder Hauslieferung eines rezeptpflichtigen Arzneimittels dargestellt werden.<\/p>\n<\/section>\n\n<section>\n<h2>Wichtige medizinische Informationen<\/h2>\n<p><strong>Doxycyclin sollte nur f\u00fcr eine klare Indikation, in der verordneten Dosis und f\u00fcr die vom Verschreibenden festgelegte Dauer verwendet werden.<\/strong> Selbstmedikation mit Antibiotikaresten, ungeplante Verl\u00e4ngerung oder falsches Absetzen k\u00f6nnen die Behandlung beeintr\u00e4chtigen und Antibiotikaresistenzen f\u00f6rdern.<\/p>\n<\/section>\n\n<section>\n<h2>H\u00e4ufige Fragen zu generischem Doxycyclin<\/h2>\n<section><h3>Behandelt Doxycyclin 100 mg alle bakteriellen Infektionen?<\/h3><p>Nein. Die Wirkung h\u00e4ngt von Erreger und Indikation ab. Das Mittel ist nicht f\u00fcr alle Infektionen geeignet und wirkt nicht gegen Viren.<\/p><\/section>\n<section><h3>Warum muss die Tablette mit ausreichend Wasser eingenommen werden?<\/h3><p>Ausreichend Wasser und aufrechte Haltung nach der Einnahme senken das Risiko, dass die Tablette an der Speiser\u00f6hre haften bleibt und diese reizt.<\/p><\/section>\n<section><h3>Darf man w\u00e4hrend Doxycyclin in die Sonne?<\/h3><p>Starke UV-Exposition sollte begrenzt werden, weil Doxycyclin Lichtempfindlichkeit und Hautreaktionen verursachen kann.<\/p><\/section>\n<section><h3>Warum m\u00fcssen Eisen und Antazida zeitlich getrennt werden?<\/h3><p>Bestimmte Mineralstoffe k\u00f6nnen Doxycyclin binden und seine Aufnahme vermindern. Die Apotheke kann den passenden Abstand f\u00fcr das jeweilige Produkt nennen.<\/p><\/section>\n<section><h3>Kann Doxycyclin monatelang gegen Akne eingesetzt werden?<\/h3><p>Orale Antibiotika bei Akne m\u00fcssen regelm\u00e4\u00dfig \u00fcberpr\u00fcft und begrenzt werden. Das BCFI empfiehlt bei schwerer papulopustul\u00f6ser Akne 6 Wochen bis h\u00f6chstens 3 Monate.<\/p><\/section>\n<section><h3>Kann Doxycyclin in Belgien online gekauft werden?<\/h3><p>Nein. Es ist verschreibungspflichtig. Eine Apotheke kann eine Reservierung anbieten, aber keinen Online-Verkauf mit Lieferung wie bei einem rezeptfreien Arzneimittel.<\/p><\/section>\n<\/section>\n\n<div class=\"reviewed-by\">\n<p>Text gepr\u00fcft von Uttam Chatterjee, Verantwortlicher Apotheker - LocalPharma, 2. September 2026<\/p>\n<\/div>\n\n<section>\n<h2>Medizinische Quellen<\/h2>\n<ul>\n<li><a href=\"https:\/\/www.e-compendium.be\/fr\/notices\/patient\/379\" target=\"_blank\" rel=\"noopener noreferrer\">e-Compendium - Vibratab 100 mg<\/a><\/li>\n<li><a href=\"https:\/\/www.cbip.be\/fr\/keywords\/doxycycline?type=substance\" target=\"_blank\" rel=\"noopener noreferrer\">BCFI - Doxycyclin<\/a><\/li>\n<li><a href=\"https:\/\/www.cbip.be\/fr\/nouveau-guide-bapcoc-2026-infections-urogenitales-et-ophtalmologie\/\" target=\"_blank\" rel=\"noopener noreferrer\">BCFI - BAPCOC-Leitfaden 2026<\/a><\/li>\n<li><a href=\"https:\/\/www.afmps.be\/fr\/humain\/medicaments\/medicaments\/distribution\/pharmacies_ouvertes_au_public\/Site_Internet_d_une_pharmacie\" target=\"_blank\" rel=\"noopener noreferrer\">FAGG - Internetapotheken<\/a><\/li>\n<\/ul>\n<\/section>\n\n<\/div>\n\n<\/div>\n\t\t\t\t<\/div>\n\t\t\t\t<\/div>\n\t\t\t\t\t<\/div>\n\t\t\t\t<\/div>\n\t\t\t\t<\/div>","protected":false},"excerpt":{"rendered":"<p>Ceci est un m\u00e9dicament. Pas d\u2019utilisation prolong\u00e9e sans avis m\u00e9dical. Nom du m\u00e9dicament: Doxycycline g\u00e9n\u00e9rique Ingr\u00e9dient actif : Doxycycline Fabricant: Non sp\u00e9cifi\u00e9 Forme \/ Force: Comprim\u00e9 100 mg Prix : Prix \u00e0 confirmer selon la sp\u00e9cialit\u00e9Prix garanti via LocalPharma Pharmacie : S\u00e9lectionn\u00e9e selon votre adresse et la disponibilit\u00e9 Livraison : D\u00e9lai indiqu\u00e9 apr\u00e8s s\u00e9lection de [&hellip;]<\/p>\n","protected":false},"author":2,"featured_media":0,"comment_status":"closed","ping_status":"open","sticky":false,"template":"","format":"standard","meta":{"footnotes":""},"categories":[22],"tags":[194,216],"class_list":["post-806","post","type-post","status-publish","format-standard","hentry","category-antibiotiques","tag-antibiotique","tag-doxycycline"],"yoast_head":"<!-- This site is optimized with the Yoast SEO plugin v28.4 - https:\/\/yoast.com\/product\/yoast-seo-wordpress\/ -->\n<title>Doxycycline G\u00e9n\u00e9rique 100 mg : un Antibiotique aux Usages Tr\u00e8s Cibl\u00e9s | LocalPharma<\/title>\n<meta name=\"description\" content=\"Doxycycline G\u00e9n\u00e9rique est un antibiotique sur ordonnance utilis\u00e9 contre certaines infections bact\u00e9riennes sensibles.\" \/>\n<meta name=\"robots\" content=\"index, follow, max-snippet:-1, max-image-preview:large, max-video-preview:-1\" \/>\n<link rel=\"canonical\" href=\"https:\/\/localpharma.be\/de\/generisches-doxycyclin\/\" \/>\n<meta property=\"og:locale\" content=\"de_DE\" \/>\n<meta property=\"og:type\" content=\"article\" \/>\n<meta property=\"og:title\" content=\"Doxycycline G\u00e9n\u00e9rique 100 mg : un Antibiotique aux Usages Tr\u00e8s Cibl\u00e9s | LocalPharma\" \/>\n<meta property=\"og:description\" content=\"Doxycycline G\u00e9n\u00e9rique est un antibiotique sur ordonnance utilis\u00e9 contre certaines infections bact\u00e9riennes sensibles.\" \/>\n<meta property=\"og:url\" content=\"https:\/\/localpharma.be\/de\/generisches-doxycyclin\/\" \/>\n<meta property=\"og:site_name\" content=\"LocalPharma\" \/>\n<meta property=\"article:published_time\" content=\"2025-05-22T09:19:22+00:00\" \/>\n<meta property=\"article:modified_time\" content=\"2026-09-02T07:05:32+00:00\" \/>\n<meta property=\"og:image\" content=\"https:\/\/localpharma.be\/wp-content\/uploads\/2025\/05\/doxycycline-0-450x3600-1.jpg\" \/>\n<meta name=\"author\" content=\"Romain Garcia\" \/>\n<meta name=\"twitter:card\" content=\"summary_large_image\" \/>\n<meta name=\"twitter:label1\" content=\"Verfasst von\" \/>\n\t<meta name=\"twitter:data1\" content=\"Romain Garcia\" \/>\n\t<meta name=\"twitter:label2\" content=\"Gesch\u00e4tzte Lesezeit\" \/>\n\t<meta name=\"twitter:data2\" content=\"7\u00a0Minuten\" \/>\n<script type=\"application\/ld+json\" class=\"yoast-schema-graph\">{\"@context\":\"https:\\\/\\\/schema.org\",\"@graph\":[{\"@type\":\"Article\",\"@id\":\"https:\\\/\\\/localpharma.be\\\/doxycycline-generique\\\/#article\",\"isPartOf\":{\"@id\":\"https:\\\/\\\/localpharma.be\\\/doxycycline-generique\\\/\"},\"author\":{\"name\":\"Romain Garcia\",\"@id\":\"https:\\\/\\\/localpharma.be\\\/#\\\/schema\\\/person\\\/ce21c7cb4509c2ab6180d821c0add981\"},\"headline\":\"Doxycycline G\u00e9n\u00e9rique 100 mg : un Antibiotique aux Usages Tr\u00e8s Cibl\u00e9s\",\"datePublished\":\"2025-05-22T09:19:22+00:00\",\"dateModified\":\"2026-09-02T07:05:32+00:00\",\"mainEntityOfPage\":{\"@id\":\"https:\\\/\\\/localpharma.be\\\/doxycycline-generique\\\/\"},\"wordCount\":1469,\"image\":{\"@id\":\"https:\\\/\\\/localpharma.be\\\/doxycycline-generique\\\/#primaryimage\"},\"thumbnailUrl\":\"https:\\\/\\\/localpharma.be\\\/wp-content\\\/uploads\\\/2025\\\/05\\\/doxycycline-0-450x3600-1.jpg\",\"keywords\":[\"antibiotique\",\"Doxycycline\"],\"articleSection\":[\"antibiotiques\"],\"inLanguage\":\"de\"},{\"@type\":\"WebPage\",\"@id\":\"https:\\\/\\\/localpharma.be\\\/doxycycline-generique\\\/\",\"url\":\"https:\\\/\\\/localpharma.be\\\/doxycycline-generique\\\/\",\"name\":\"Doxycycline G\u00e9n\u00e9rique 100 mg : un Antibiotique aux Usages Tr\u00e8s Cibl\u00e9s | LocalPharma\",\"isPartOf\":{\"@id\":\"https:\\\/\\\/localpharma.be\\\/#website\"},\"primaryImageOfPage\":{\"@id\":\"https:\\\/\\\/localpharma.be\\\/doxycycline-generique\\\/#primaryimage\"},\"image\":{\"@id\":\"https:\\\/\\\/localpharma.be\\\/doxycycline-generique\\\/#primaryimage\"},\"thumbnailUrl\":\"https:\\\/\\\/localpharma.be\\\/wp-content\\\/uploads\\\/2025\\\/05\\\/doxycycline-0-450x3600-1.jpg\",\"datePublished\":\"2025-05-22T09:19:22+00:00\",\"dateModified\":\"2026-09-02T07:05:32+00:00\",\"author\":{\"@id\":\"https:\\\/\\\/localpharma.be\\\/#\\\/schema\\\/person\\\/ce21c7cb4509c2ab6180d821c0add981\"},\"description\":\"Doxycycline G\u00e9n\u00e9rique est un antibiotique sur ordonnance utilis\u00e9 contre certaines infections bact\u00e9riennes sensibles.\",\"breadcrumb\":{\"@id\":\"https:\\\/\\\/localpharma.be\\\/doxycycline-generique\\\/#breadcrumb\"},\"inLanguage\":\"de\",\"potentialAction\":[{\"@type\":\"ReadAction\",\"target\":[\"https:\\\/\\\/localpharma.be\\\/doxycycline-generique\\\/\"]}]},{\"@type\":\"ImageObject\",\"inLanguage\":\"de\",\"@id\":\"https:\\\/\\\/localpharma.be\\\/doxycycline-generique\\\/#primaryimage\",\"url\":\"https:\\\/\\\/localpharma.be\\\/wp-content\\\/uploads\\\/2025\\\/05\\\/doxycycline-0-450x3600-1.jpg\",\"contentUrl\":\"https:\\\/\\\/localpharma.be\\\/wp-content\\\/uploads\\\/2025\\\/05\\\/doxycycline-0-450x3600-1.jpg\"},{\"@type\":\"BreadcrumbList\",\"@id\":\"https:\\\/\\\/localpharma.be\\\/doxycycline-generique\\\/#breadcrumb\",\"itemListElement\":[{\"@type\":\"ListItem\",\"position\":1,\"name\":\"Home\",\"item\":\"https:\\\/\\\/localpharma.be\\\/\"},{\"@type\":\"ListItem\",\"position\":2,\"name\":\"Doxycycline G\u00e9n\u00e9rique 100 mg : un Antibiotique aux Usages Tr\u00e8s Cibl\u00e9s\"}]},{\"@type\":\"WebSite\",\"@id\":\"https:\\\/\\\/localpharma.be\\\/#website\",\"url\":\"https:\\\/\\\/localpharma.be\\\/\",\"name\":\"LocalPharma\",\"description\":\"\",\"potentialAction\":[{\"@type\":\"SearchAction\",\"target\":{\"@type\":\"EntryPoint\",\"urlTemplate\":\"https:\\\/\\\/localpharma.be\\\/?s={search_term_string}\"},\"query-input\":{\"@type\":\"PropertyValueSpecification\",\"valueRequired\":true,\"valueName\":\"search_term_string\"}}],\"inLanguage\":\"de\"},{\"@type\":\"Person\",\"@id\":\"https:\\\/\\\/localpharma.be\\\/#\\\/schema\\\/person\\\/ce21c7cb4509c2ab6180d821c0add981\",\"name\":\"Romain Garcia\"}]}<\/script>\n<!-- \/ Yoast SEO plugin. -->","yoast_head_json":{"title":"Generisches Doxycyclin 100 mg: Infektionen, Akne und Vorsicht","description":"Generisches Doxycyclin ist ein verschreibungspflichtiges Antibiotikum, das gegen bestimmte empfindliche bakterielle Infektionen eingesetzt wird.","robots":{"index":"index","follow":"follow","max-snippet":"max-snippet:-1","max-image-preview":"max-image-preview:large","max-video-preview":"max-video-preview:-1"},"canonical":"https:\/\/localpharma.be\/de\/generisches-doxycyclin\/","og_locale":"de_DE","og_type":"article","og_title":"Doxycycline G\u00e9n\u00e9rique 100 mg : un Antibiotique aux Usages Tr\u00e8s Cibl\u00e9s | LocalPharma","og_description":"Doxycycline G\u00e9n\u00e9rique est un antibiotique sur ordonnance utilis\u00e9 contre certaines infections bact\u00e9riennes sensibles.","og_url":"https:\/\/localpharma.be\/de\/generisches-doxycyclin\/","og_site_name":"LocalPharma","article_published_time":"2025-05-22T09:19:22+00:00","article_modified_time":"2026-09-02T07:05:32+00:00","og_image":[{"url":"https:\/\/localpharma.be\/wp-content\/uploads\/2025\/05\/doxycycline-0-450x3600-1.jpg","type":"","width":"","height":""}],"author":"Romain Garcia","twitter_card":"summary_large_image","twitter_misc":{"Verfasst von":"Romain Garcia","Gesch\u00e4tzte Lesezeit":"7\u00a0Minuten"},"schema":{"@context":"https:\/\/schema.org","@graph":[{"@type":"Article","@id":"https:\/\/localpharma.be\/doxycycline-generique\/#article","isPartOf":{"@id":"https:\/\/localpharma.be\/doxycycline-generique\/"},"author":{"name":"Romain Garcia","@id":"https:\/\/localpharma.be\/#\/schema\/person\/ce21c7cb4509c2ab6180d821c0add981"},"headline":"Doxycycline G\u00e9n\u00e9rique 100 mg : un Antibiotique aux Usages Tr\u00e8s Cibl\u00e9s","datePublished":"2025-05-22T09:19:22+00:00","dateModified":"2026-09-02T07:05:32+00:00","mainEntityOfPage":{"@id":"https:\/\/localpharma.be\/doxycycline-generique\/"},"wordCount":1469,"image":{"@id":"https:\/\/localpharma.be\/doxycycline-generique\/#primaryimage"},"thumbnailUrl":"https:\/\/localpharma.be\/wp-content\/uploads\/2025\/05\/doxycycline-0-450x3600-1.jpg","keywords":["antibiotique","Doxycycline"],"articleSection":["antibiotiques"],"inLanguage":"de"},{"@type":"WebPage","@id":"https:\/\/localpharma.be\/doxycycline-generique\/","url":"https:\/\/localpharma.be\/doxycycline-generique\/","name":"Generisches Doxycyclin 100 mg: Infektionen, Akne und Vorsicht","isPartOf":{"@id":"https:\/\/localpharma.be\/#website"},"primaryImageOfPage":{"@id":"https:\/\/localpharma.be\/doxycycline-generique\/#primaryimage"},"image":{"@id":"https:\/\/localpharma.be\/doxycycline-generique\/#primaryimage"},"thumbnailUrl":"https:\/\/localpharma.be\/wp-content\/uploads\/2025\/05\/doxycycline-0-450x3600-1.jpg","datePublished":"2025-05-22T09:19:22+00:00","dateModified":"2026-09-02T07:05:32+00:00","author":{"@id":"https:\/\/localpharma.be\/#\/schema\/person\/ce21c7cb4509c2ab6180d821c0add981"},"description":"Generisches Doxycyclin ist ein verschreibungspflichtiges Antibiotikum, das gegen bestimmte empfindliche bakterielle Infektionen eingesetzt wird.","breadcrumb":{"@id":"https:\/\/localpharma.be\/doxycycline-generique\/#breadcrumb"},"inLanguage":"de","potentialAction":[{"@type":"ReadAction","target":["https:\/\/localpharma.be\/doxycycline-generique\/"]}]},{"@type":"ImageObject","inLanguage":"de","@id":"https:\/\/localpharma.be\/doxycycline-generique\/#primaryimage","url":"https:\/\/localpharma.be\/wp-content\/uploads\/2025\/05\/doxycycline-0-450x3600-1.jpg","contentUrl":"https:\/\/localpharma.be\/wp-content\/uploads\/2025\/05\/doxycycline-0-450x3600-1.jpg"},{"@type":"BreadcrumbList","@id":"https:\/\/localpharma.be\/doxycycline-generique\/#breadcrumb","itemListElement":[{"@type":"ListItem","position":1,"name":"Home","item":"https:\/\/localpharma.be\/"},{"@type":"ListItem","position":2,"name":"Doxycycline G\u00e9n\u00e9rique 100 mg : un Antibiotique aux Usages Tr\u00e8s Cibl\u00e9s"}]},{"@type":"WebSite","@id":"https:\/\/localpharma.be\/#website","url":"https:\/\/localpharma.be\/","name":"LocalPharma","description":"","potentialAction":[{"@type":"SearchAction","target":{"@type":"EntryPoint","urlTemplate":"https:\/\/localpharma.be\/?s={search_term_string}"},"query-input":{"@type":"PropertyValueSpecification","valueRequired":true,"valueName":"search_term_string"}}],"inLanguage":"de"},{"@type":"Person","@id":"https:\/\/localpharma.be\/#\/schema\/person\/ce21c7cb4509c2ab6180d821c0add981","name":"Romain Garcia"}]}},"_links":{"self":[{"href":"https:\/\/localpharma.be\/de\/wp-json\/wp\/v2\/posts\/806","targetHints":{"allow":["GET"]}}],"collection":[{"href":"https:\/\/localpharma.be\/de\/wp-json\/wp\/v2\/posts"}],"about":[{"href":"https:\/\/localpharma.be\/de\/wp-json\/wp\/v2\/types\/post"}],"author":[{"embeddable":true,"href":"https:\/\/localpharma.be\/de\/wp-json\/wp\/v2\/users\/2"}],"replies":[{"embeddable":true,"href":"https:\/\/localpharma.be\/de\/wp-json\/wp\/v2\/comments?post=806"}],"version-history":[{"count":21,"href":"https:\/\/localpharma.be\/de\/wp-json\/wp\/v2\/posts\/806\/revisions"}],"predecessor-version":[{"id":3675,"href":"https:\/\/localpharma.be\/de\/wp-json\/wp\/v2\/posts\/806\/revisions\/3675"}],"wp:attachment":[{"href":"https:\/\/localpharma.be\/de\/wp-json\/wp\/v2\/media?parent=806"}],"wp:term":[{"taxonomy":"category","embeddable":true,"href":"https:\/\/localpharma.be\/de\/wp-json\/wp\/v2\/categories?post=806"},{"taxonomy":"post_tag","embeddable":true,"href":"https:\/\/localpharma.be\/de\/wp-json\/wp\/v2\/tags?post=806"}],"curies":[{"name":"wp","href":"https:\/\/api.w.org\/{rel}","templated":true}]}}