{"id":440,"date":"2025-03-31T16:09:56","date_gmt":"2025-03-31T16:09:56","guid":{"rendered":"https:\/\/localpharma.be\/?p=440"},"modified":"2025-04-01T12:20:59","modified_gmt":"2025-04-01T12:20:59","slug":"voorkom-en-verzacht-seizoensgebonden-allergieen","status":"publish","type":"post","link":"https:\/\/localpharma.be\/nl_be\/voorkom-en-verzacht-seizoensgebonden-allergieen\/","title":{"rendered":"Voorkom en verzacht seizoensgebonden allergie\u00ebn"},"content":{"rendered":"<p>Je hebt last van <b>allergische rhinitis<\/b> elke lente of zomer? Weet dat, <a href=\"https:\/\/localpharma.be\/nl_be\/oplossingen-om-seizoensgebonden-allergieen-te-verlichten\/\"target=\"_blank\" rel=\"noopener\">ver voorbij medicijnen<\/a>, bepaalde eenvoudige, alledaagse handelingen kunnen uw comfortgevoel wezenlijk veranderen. Hier zijn een aantal praktische tips die u in uw routine kunt opnemen om <b>blootstelling aan allergenen<\/b> en verlicht uw symptomen op natuurlijke wijze.<\/p>\n<section>\n<h2>Buitenbescherming<\/h2>\n<section>\n<h3>Anti-pollenmasker<\/h3>\n<p>Draag bij droog of winderig weer een chirurgisch of FFP2-masker als u naar buiten gaat, vooral in bosrijke gebieden of parken. Dit maakt het mogelijk <b>om pollen te filteren<\/b> in de lucht zwevende, die verantwoordelijk zijn voor uw <b>allergische reacties<\/b>.<\/p>\n<\/section>\n<section>\n<h3>Neushygi\u00ebne<\/h3>\n<p>Vergeet ook niet om uw neus &#039;s ochtends en &#039;s avonds schoon te maken, en ook na elke blootstelling aan de buitenlucht. Gebruik hiervoor een zoutoplossing of een zeewaterspray. Met dit eenvoudige gebaar verwijdert u pollendeeltjes die zich op de <b>neusslijmvlies<\/b>.<\/p>\n<\/section>\n<\/section>\n<section>\n<h2>Binnenomgeving<\/h2>\n<section>\n<h3>Geschikte reiniging<\/h3>\n<p>Maak er thuis een gewoonte van om nat schoon te maken: maak oppervlakken schoon met een vochtige doek en gebruik minimaal twee tot drie keer per week een stofzuiger met een HEPA-filter. Hierdoor wordt de aanwezigheid van<b>allergenen<\/b> in uw binnenomgeving.<\/p>\n<\/section>\n<section>\n<h3>Persoonlijke hygi\u00ebne<\/h3>\n<p>Zodra u thuis bent, kleedt u zich om en neemt u een douche om stuifmeel te verwijderen dat aan uw haar, huid of kleding is blijven plakken. Zo hoeft u ze niet mee te nemen naar uw bed of de bank.<\/p>\n<\/section>\n<section>\n<h3>Strategische ventilatie<\/h3>\n<p>Ventileer uw huis, maar op het juiste moment: &#039;s avonds of na regen, wanneer de <b>pollenconcentratie<\/b> is op zijn laagst. Houd daarentegen de ramen gesloten in de ochtend en overdag, in de periodes waarin er meer pollen in de lucht hangen.<\/p>\n<\/section>\n<\/section>\n<section>\n<h2>Extra bescherming<\/h2>\n<section>\n<h3>Handige accessoires<\/h3>\n<p>Als u naar buiten gaat, draag dan een zonnebril om uw ogen te beschermen, die vaak erg gevoelig zijn tijdens de <b>pollenseizoen<\/b>. Een hoed of pet kan ook helpen om te voorkomen dat allergenen zich op uw hoofdhuid nestelen.<\/p>\n<\/section>\n<section>\n<h3>Pollenmonitoring<\/h3>\n<p>Houd u ten slotte op de hoogte van de <b>pollensituatie<\/b> in uw omgeving. Veel sites zoals pollens.fr of mobiele applicaties bieden waarschuwingen en voorspellingen die u helpen anticiperen <b>dagen met een hoog risico<\/b> en pas uw gewoonten dienovereenkomstig aan.<\/p>\n<\/section>\n<\/section>","protected":false},"excerpt":{"rendered":"<p>Vous souffrez de rhinite allergique chaque printemps ou \u00e9t\u00e9 ? Sachez que, bien au-del\u00e0 des m\u00e9dicaments, certains gestes simples du quotidien peuvent v\u00e9ritablement changer votre confort. Voici une s\u00e9rie de conseils pratiques \u00e0 int\u00e9grer dans votre routine pour limiter l\u2019exposition aux allerg\u00e8nes et soulager vos sympt\u00f4mes naturellement. Protection en ext\u00e9rieur Masque anti-pollen Lorsqu\u2019il fait sec [&hellip;]<\/p>\n","protected":false},"author":2,"featured_media":0,"comment_status":"closed","ping_status":"open","sticky":false,"template":"","format":"standard","meta":{"footnotes":""},"categories":[21],"tags":[],"class_list":["post-440","post","type-post","status-publish","format-standard","hentry","category-allergie"],"yoast_head":"<!-- This site is optimized with the Yoast SEO plugin v27.4 - https:\/\/yoast.com\/product\/yoast-seo-wordpress\/ -->\n<title>Pr\u00e9venir et att\u00e9nuer les allergies saisonni\u00e8res | LocalPharma<\/title>\n<meta name=\"robots\" content=\"index, follow, max-snippet:-1, max-image-preview:large, max-video-preview:-1\" \/>\n<link rel=\"canonical\" href=\"https:\/\/localpharma.be\/nl_be\/voorkom-en-verzacht-seizoensgebonden-allergieen\/\" \/>\n<meta property=\"og:locale\" content=\"nl_BE\" \/>\n<meta property=\"og:type\" content=\"article\" \/>\n<meta property=\"og:title\" content=\"Pr\u00e9venir et att\u00e9nuer les allergies saisonni\u00e8res | LocalPharma\" \/>\n<meta property=\"og:description\" content=\"Vous souffrez de rhinite allergique chaque printemps ou \u00e9t\u00e9 ? Sachez que, bien au-del\u00e0 des m\u00e9dicaments, certains gestes simples du quotidien peuvent v\u00e9ritablement changer votre confort. Voici une s\u00e9rie de conseils pratiques \u00e0 int\u00e9grer dans votre routine pour limiter l\u2019exposition aux allerg\u00e8nes et soulager vos sympt\u00f4mes naturellement. Protection en ext\u00e9rieur Masque anti-pollen Lorsqu\u2019il fait sec [&hellip;]\" \/>\n<meta property=\"og:url\" content=\"https:\/\/localpharma.be\/nl_be\/voorkom-en-verzacht-seizoensgebonden-allergieen\/\" \/>\n<meta property=\"og:site_name\" content=\"LocalPharma\" \/>\n<meta property=\"article:published_time\" content=\"2025-03-31T16:09:56+00:00\" \/>\n<meta property=\"article:modified_time\" content=\"2025-04-01T12:20:59+00:00\" \/>\n<meta name=\"author\" content=\"Romain Garcia\" \/>\n<meta name=\"twitter:card\" content=\"summary_large_image\" \/>\n<meta name=\"twitter:label1\" content=\"Geschreven door\" \/>\n\t<meta name=\"twitter:data1\" content=\"Romain Garcia\" \/>\n\t<meta name=\"twitter:label2\" content=\"Geschatte leestijd\" \/>\n\t<meta name=\"twitter:data2\" content=\"2 minuten\" \/>\n<script type=\"application\/ld+json\" class=\"yoast-schema-graph\">{\"@context\":\"https:\\\/\\\/schema.org\",\"@graph\":[{\"@type\":\"Article\",\"@id\":\"https:\\\/\\\/localpharma.be\\\/prevenir-et-attenuer-les-allergies-saisonnieres\\\/#article\",\"isPartOf\":{\"@id\":\"https:\\\/\\\/localpharma.be\\\/prevenir-et-attenuer-les-allergies-saisonnieres\\\/\"},\"author\":{\"name\":\"Romain Garcia\",\"@id\":\"https:\\\/\\\/localpharma.be\\\/#\\\/schema\\\/person\\\/ce21c7cb4509c2ab6180d821c0add981\"},\"headline\":\"Pr\u00e9venir et att\u00e9nuer les allergies saisonni\u00e8res\",\"datePublished\":\"2025-03-31T16:09:56+00:00\",\"dateModified\":\"2025-04-01T12:20:59+00:00\",\"mainEntityOfPage\":{\"@id\":\"https:\\\/\\\/localpharma.be\\\/prevenir-et-attenuer-les-allergies-saisonnieres\\\/\"},\"wordCount\":403,\"articleSection\":[\"allergie\"],\"inLanguage\":\"nl-BE\"},{\"@type\":\"WebPage\",\"@id\":\"https:\\\/\\\/localpharma.be\\\/prevenir-et-attenuer-les-allergies-saisonnieres\\\/\",\"url\":\"https:\\\/\\\/localpharma.be\\\/prevenir-et-attenuer-les-allergies-saisonnieres\\\/\",\"name\":\"Pr\u00e9venir et att\u00e9nuer les allergies saisonni\u00e8res | LocalPharma\",\"isPartOf\":{\"@id\":\"https:\\\/\\\/localpharma.be\\\/#website\"},\"datePublished\":\"2025-03-31T16:09:56+00:00\",\"dateModified\":\"2025-04-01T12:20:59+00:00\",\"author\":{\"@id\":\"https:\\\/\\\/localpharma.be\\\/#\\\/schema\\\/person\\\/ce21c7cb4509c2ab6180d821c0add981\"},\"breadcrumb\":{\"@id\":\"https:\\\/\\\/localpharma.be\\\/prevenir-et-attenuer-les-allergies-saisonnieres\\\/#breadcrumb\"},\"inLanguage\":\"nl-BE\",\"potentialAction\":[{\"@type\":\"ReadAction\",\"target\":[\"https:\\\/\\\/localpharma.be\\\/prevenir-et-attenuer-les-allergies-saisonnieres\\\/\"]}]},{\"@type\":\"BreadcrumbList\",\"@id\":\"https:\\\/\\\/localpharma.be\\\/prevenir-et-attenuer-les-allergies-saisonnieres\\\/#breadcrumb\",\"itemListElement\":[{\"@type\":\"ListItem\",\"position\":1,\"name\":\"Home\",\"item\":\"https:\\\/\\\/localpharma.be\\\/\"},{\"@type\":\"ListItem\",\"position\":2,\"name\":\"Pr\u00e9venir et att\u00e9nuer les allergies saisonni\u00e8res\"}]},{\"@type\":\"WebSite\",\"@id\":\"https:\\\/\\\/localpharma.be\\\/#website\",\"url\":\"https:\\\/\\\/localpharma.be\\\/\",\"name\":\"LocalPharma\",\"description\":\"\",\"potentialAction\":[{\"@type\":\"SearchAction\",\"target\":{\"@type\":\"EntryPoint\",\"urlTemplate\":\"https:\\\/\\\/localpharma.be\\\/?s={search_term_string}\"},\"query-input\":{\"@type\":\"PropertyValueSpecification\",\"valueRequired\":true,\"valueName\":\"search_term_string\"}}],\"inLanguage\":\"nl-BE\"},{\"@type\":\"Person\",\"@id\":\"https:\\\/\\\/localpharma.be\\\/#\\\/schema\\\/person\\\/ce21c7cb4509c2ab6180d821c0add981\",\"name\":\"Romain Garcia\"}]}<\/script>\n<!-- \/ Yoast SEO plugin. -->","yoast_head_json":{"title":"Voorkomen en verlichten van seizoensgebonden allergie\u00ebn | LokalePharma","robots":{"index":"index","follow":"follow","max-snippet":"max-snippet:-1","max-image-preview":"max-image-preview:large","max-video-preview":"max-video-preview:-1"},"canonical":"https:\/\/localpharma.be\/nl_be\/voorkom-en-verzacht-seizoensgebonden-allergieen\/","og_locale":"nl_BE","og_type":"article","og_title":"Pr\u00e9venir et att\u00e9nuer les allergies saisonni\u00e8res | LocalPharma","og_description":"Vous souffrez de rhinite allergique chaque printemps ou \u00e9t\u00e9 ? Sachez que, bien au-del\u00e0 des m\u00e9dicaments, certains gestes simples du quotidien peuvent v\u00e9ritablement changer votre confort. Voici une s\u00e9rie de conseils pratiques \u00e0 int\u00e9grer dans votre routine pour limiter l\u2019exposition aux allerg\u00e8nes et soulager vos sympt\u00f4mes naturellement. Protection en ext\u00e9rieur Masque anti-pollen Lorsqu\u2019il fait sec [&hellip;]","og_url":"https:\/\/localpharma.be\/nl_be\/voorkom-en-verzacht-seizoensgebonden-allergieen\/","og_site_name":"LocalPharma","article_published_time":"2025-03-31T16:09:56+00:00","article_modified_time":"2025-04-01T12:20:59+00:00","author":"Romain Garcia","twitter_card":"summary_large_image","twitter_misc":{"Geschreven door":"Romain Garcia","Geschatte leestijd":"2 minuten"},"schema":{"@context":"https:\/\/schema.org","@graph":[{"@type":"Article","@id":"https:\/\/localpharma.be\/prevenir-et-attenuer-les-allergies-saisonnieres\/#article","isPartOf":{"@id":"https:\/\/localpharma.be\/prevenir-et-attenuer-les-allergies-saisonnieres\/"},"author":{"name":"Romain Garcia","@id":"https:\/\/localpharma.be\/#\/schema\/person\/ce21c7cb4509c2ab6180d821c0add981"},"headline":"Pr\u00e9venir et att\u00e9nuer les allergies saisonni\u00e8res","datePublished":"2025-03-31T16:09:56+00:00","dateModified":"2025-04-01T12:20:59+00:00","mainEntityOfPage":{"@id":"https:\/\/localpharma.be\/prevenir-et-attenuer-les-allergies-saisonnieres\/"},"wordCount":403,"articleSection":["allergie"],"inLanguage":"nl-BE"},{"@type":"WebPage","@id":"https:\/\/localpharma.be\/prevenir-et-attenuer-les-allergies-saisonnieres\/","url":"https:\/\/localpharma.be\/prevenir-et-attenuer-les-allergies-saisonnieres\/","name":"Voorkomen en verlichten van seizoensgebonden allergie\u00ebn | LokalePharma","isPartOf":{"@id":"https:\/\/localpharma.be\/#website"},"datePublished":"2025-03-31T16:09:56+00:00","dateModified":"2025-04-01T12:20:59+00:00","author":{"@id":"https:\/\/localpharma.be\/#\/schema\/person\/ce21c7cb4509c2ab6180d821c0add981"},"breadcrumb":{"@id":"https:\/\/localpharma.be\/prevenir-et-attenuer-les-allergies-saisonnieres\/#breadcrumb"},"inLanguage":"nl-BE","potentialAction":[{"@type":"ReadAction","target":["https:\/\/localpharma.be\/prevenir-et-attenuer-les-allergies-saisonnieres\/"]}]},{"@type":"BreadcrumbList","@id":"https:\/\/localpharma.be\/prevenir-et-attenuer-les-allergies-saisonnieres\/#breadcrumb","itemListElement":[{"@type":"ListItem","position":1,"name":"Home","item":"https:\/\/localpharma.be\/"},{"@type":"ListItem","position":2,"name":"Pr\u00e9venir et att\u00e9nuer les allergies saisonni\u00e8res"}]},{"@type":"WebSite","@id":"https:\/\/localpharma.be\/#website","url":"https:\/\/localpharma.be\/","name":"Lokale Farma","description":"","potentialAction":[{"@type":"SearchAction","target":{"@type":"EntryPoint","urlTemplate":"https:\/\/localpharma.be\/?s={search_term_string}"},"query-input":{"@type":"PropertyValueSpecification","valueRequired":true,"valueName":"search_term_string"}}],"inLanguage":"nl-BE"},{"@type":"Person","@id":"https:\/\/localpharma.be\/#\/schema\/person\/ce21c7cb4509c2ab6180d821c0add981","name":"Romain Garcia"}]}},"_links":{"self":[{"href":"https:\/\/localpharma.be\/nl_be\/wp-json\/wp\/v2\/posts\/440","targetHints":{"allow":["GET"]}}],"collection":[{"href":"https:\/\/localpharma.be\/nl_be\/wp-json\/wp\/v2\/posts"}],"about":[{"href":"https:\/\/localpharma.be\/nl_be\/wp-json\/wp\/v2\/types\/post"}],"author":[{"embeddable":true,"href":"https:\/\/localpharma.be\/nl_be\/wp-json\/wp\/v2\/users\/2"}],"replies":[{"embeddable":true,"href":"https:\/\/localpharma.be\/nl_be\/wp-json\/wp\/v2\/comments?post=440"}],"version-history":[{"count":0,"href":"https:\/\/localpharma.be\/nl_be\/wp-json\/wp\/v2\/posts\/440\/revisions"}],"wp:attachment":[{"href":"https:\/\/localpharma.be\/nl_be\/wp-json\/wp\/v2\/media?parent=440"}],"wp:term":[{"taxonomy":"category","embeddable":true,"href":"https:\/\/localpharma.be\/nl_be\/wp-json\/wp\/v2\/categories?post=440"},{"taxonomy":"post_tag","embeddable":true,"href":"https:\/\/localpharma.be\/nl_be\/wp-json\/wp\/v2\/tags?post=440"}],"curies":[{"name":"wp","href":"https:\/\/api.w.org\/{rel}","templated":true}]}}