{"id":537,"date":"2025-04-09T15:22:00","date_gmt":"2025-04-09T15:22:00","guid":{"rendered":"https:\/\/localpharma.be\/?p=537"},"modified":"2026-09-01T17:45:51","modified_gmt":"2026-09-01T17:45:51","slug":"levocetirizine","status":"publish","type":"post","link":"https:\/\/localpharma.be\/nl_be\/levocetirizine\/","title":{"rendered":"Generieke Levocetirizine: Antihistaminicum Tegen Allergiesymptomen"},"content":{"rendered":"<div data-elementor-type=\"wp-post\" data-elementor-id=\"537\" class=\"elementor elementor-537\" data-elementor-post-type=\"post\">\n\t\t\t\t<div class=\"elementor-element elementor-element-2b98edd e-flex e-con-boxed e-con e-parent\" data-id=\"2b98edd\" data-element_type=\"container\" data-e-type=\"container\">\n\t\t\t\t\t<div class=\"e-con-inner\">\n\t\t\t\t<div class=\"elementor-element elementor-element-c9a4636 elementor-widget elementor-widget-html\" data-id=\"c9a4636\" data-element_type=\"widget\" data-e-type=\"widget\" data-widget_type=\"html.default\">\n\t\t\t\t<div class=\"elementor-widget-container\">\n\t\t\t\t\t\n<div class=\"translation-block\">\n  <div class=\"translation-block\">\n  <div class=\"product-block\">\n    <div class=\"product-image\">\n      <img src=\"https:\/\/localpharma.be\/wp-content\/uploads\/2025\/04\/xyzal.jpg\" alt=\"Illustratie van een generiek geneesmiddel met levocetirizine 5 mg\" loading=\"lazy\">\n    <\/div>\n    <div class=\"product-table\">\n      <p class=\"med-warning\">Dit is een geneesmiddel. Geen langdurig gebruik zonder medisch advies.<\/p>\n      <table>\n        <tbody>\n          <tr><td>Naam van het geneesmiddel:<\/td><td>Generieke levocetirizine<\/td><\/tr>\n          <tr><td>Werkzame stof:<\/td><td>Levocetirizinedihydrochloride<\/td><\/tr>\n          <tr><td>Fabrikant:<\/td><td>Aurobindo<\/td><\/tr>\n          <tr><td>Vorm \/ Sterkte:<\/td><td>Filmomhulde tabletten van 5 mg, doos van 100<\/td><\/tr>\n          <tr><td>Prijs:<\/td><td><strong>14,74 \u20ac voor 100 tabletten - ongeveer 0,15 \u20ac per tablet<\/strong><br><small>Prijs gegarandeerd via LocalPharma<\/small><\/td><\/tr>\n          <tr><td>Apotheek:<\/td><td>Geselecteerd op basis van uw adres en de beschikbaarheid<\/td><\/tr>\n          <tr><td>Levering:<\/td><td>Termijn wordt weergegeven nadat de apotheek is geselecteerd<\/td><\/tr>\n          <tr><td>Bestellen:<\/td><td><a href=\"#\" class=\"button\">Beschikbaarheid controleren<\/a><br><small>Verkoop en aflevering worden verzorgd door een erkende partnerapotheek.<\/small><\/td><\/tr>\n        <\/tbody>\n      <\/table>\n    <\/div>\n  <\/div>\n\n\n  <section>\n    <h2>Wat de naam generieke levocetirizine omvat<\/h2>\n    <p>Generieke levocetirizine verwijst naar geneesmiddelen met levocetirizinedihydrochloride als werkzame stof. In Belgi\u00eb zijn meerdere generieken geregistreerd, waaronder Levocetirizin AB, Levocetirizine EG en producten van Sandoz en Teva.<\/p>\n    <p><strong>Generieke levocetirizine is geen afzonderlijk merk: fabrikant, hulpstoffen, verpakking en prijs hangen af van de werkelijk afgeleverde specialiteit.<\/strong> Als controleerbare referentie gebruikt deze pagina Levocetirizin AB 5 mg van Aurobindo in een doos van 100 tabletten. Xyzall is het UCB-merk met dezelfde werkzame stof.<\/p>\n    <p>Levocetirizine behoort tot de weinig sederende H1-antihistaminica. Weinig sederend betekent niet dat slaperigheid onmogelijk is.<\/p>\n  <\/section>\n\n  <section>\n    <h2>Welke klachten levocetirizine kan verlichten<\/h2>\n    <p>Levocetirizinetabletten van 5 mg zijn bedoeld voor de symptomatische behandeling van allergische rinitis, ook wanneer die het hele jaar aanhoudt, en urticaria bij volwassenen en kinderen vanaf 6 jaar.<\/p>\n    <ul>\n      <li>niezen en een lopende of verstopte neus;<\/li>\n      <li>jeuk aan neus, keel of ogen;<\/li>\n      <li>rode, tranende en ge\u00efrriteerde ogen;<\/li>\n      <li>jeukende galbulten bij urticaria.<\/li>\n    <\/ul>\n    <p>Het geneesmiddel verlicht histaminegebonden klachten, maar neemt de oorzaak van de allergie niet weg. Ons artikel over <a href=\"https:\/\/localpharma.be\/nl_be\/wat-is-een-seizoensgebonden-allergie-en-hoe-herken-je-het\/\" target=\"_blank\" rel=\"noopener\">het herkennen van een seizoensgebonden allergie<\/a> helpt om deze van een verkoudheid te onderscheiden.<\/p>\n  <\/section>\n\n  <section>\n    <h2>Hoe levocetirizine histamine blokkeert<\/h2>\n    <p>Bij een allergische reactie bindt histamine zich onder andere aan H1-receptoren en draagt het bij aan niezen, afscheiding, roodheid en jeuk. Levocetirizine blokkeert deze receptoren selectief en vermindert zo de symptomen.<\/p>\n    <p>Het is de actieve enantiomeer van cetirizine. Dat betekent niet dat het voor iedere pati\u00ebnt altijd beter werkt of beter wordt verdragen. De keuze hangt af van de persoonlijke reactie, ervaren slaperigheid, voorgeschiedenis en kosten.<\/p>\n  <\/section>\n\n  <section>\n    <h2>Eenmaal per dag, maar aangepast aan de nierfunctie<\/h2>\n    <p>Voor volwassenen, adolescenten en kinderen vanaf 6 jaar is de gebruikelijke tabletdosis 5 mg eenmaal per dag. De tablet wordt met vloeistof ingenomen, met of zonder voedsel. Bij jongere kinderen maken druppels of oplossing andere doses mogelijk volgens professioneel advies.<\/p>\n    <table>\n      <thead><tr><th scope=\"col\">Situatie<\/th><th scope=\"col\">Indicatief schema<\/th><th scope=\"col\">Aandachtspunt<\/th><\/tr><\/thead>\n      <tbody>\n        <tr><td>Volwassenen en adolescenten vanaf 12<\/td><td>5 mg eenmaal per dag<\/td><td>Slaperigheid beoordelen<\/td><\/tr>\n        <tr><td>Kinderen van 6 tot 11<\/td><td>5 mg eenmaal per dag<\/td><td>Tabletvorm vanaf 6 jaar<\/td><\/tr>\n        <tr><td>Kinderen van 2 tot 5<\/td><td>2,5 mg per dag in twee innames<\/td><td>Voorgeschreven vloeibare vorm<\/td><\/tr>\n        <tr><td>Matig verminderde nierfunctie<\/td><td>5 mg om de twee dagen<\/td><td>Medische aanpassing nodig<\/td><\/tr>\n        <tr><td>Terminale nierinsuffici\u00ebntie<\/td><td>Gecontra-indiceerd<\/td><td>Niet gebruiken<\/td><\/tr>\n      <\/tbody>\n    <\/table>\n    <p><strong>Het interval tussen de innames hangt af van de nierfunctie: een dagelijkse dosis kan te hoog zijn wanneer de uitscheiding verminderd is.<\/strong> Arts of apotheker moet dus op de hoogte zijn van een nierziekte, vooral bij ouderen.<\/p>\n  <\/section>\n\n  <section>\n    <h2>Prijs en aflevering van het gekozen generiek<\/h2>\n    <p>De grootste bevestigde verpakking van Levocetirizin AB bevat 100 tabletten van 5 mg. De publieke prijs bedraagt 14,74 \u20ac, of ongeveer 0,15 \u20ac per tablet. Deze prijs geldt specifiek voor de specialiteit van Aurobindo en niet automatisch voor andere generieken.<\/p>\n    <p><b>Levocetirizin AB 5 mg<\/b> is in Belgi\u00eb voorschriftplichtig. Terugbetalingsvoorwaarden garanderen geen onmiddellijke voorraad. Afhankelijk van het voorschrift en de substitutieregels kan de apotheker een andere passende specialiteit afleveren.<\/p>\n  <\/section>\n\n  <section>\n    <h2>Slaperigheid, alcohol en rijvaardigheid<\/h2>\n    <p>Slaperigheid, vermoeidheid, droge mond en hoofdpijn zijn bekende bijwerkingen. Sommige mensen merken geen verminderde alertheid, terwijl anderen duidelijk gevoeliger reageren.<\/p>\n    <p>Bij de eerste innames is het verstandig de persoonlijke reactie af te wachten v\u00f3\u00f3r autorijden of machinegebruik. Alcohol, kalmeringsmiddelen en slaapmiddelen kunnen slaperigheid en verminderde aandacht versterken.<\/p>\n  <\/section>\n\n  <section>\n    <h2>Bijwerkingen en belangrijke signalen<\/h2>\n    <p>De meeste reacties zijn mild, maar bepaalde klachten verdienen medisch advies:<\/p>\n    <ul>\n      <li>uitgesproken slaperigheid, duizeligheid of flauwvallen;<\/li>\n      <li>buikpijn, misselijkheid of aanhoudende diarree;<\/li>\n      <li>moeilijk urineren of de blaas niet volledig kunnen legen;<\/li>\n      <li>hartkloppingen, agitatie of hallucinaties;<\/li>\n      <li>zwelling van het gezicht, ademnood of een ernstige allergische reactie.<\/li>\n    <\/ul>\n    <p>Extra voorzichtigheid is nodig bij urineretentie, epilepsie en nierziekte. Na langdurig gebruik is zelden hevige jeuk na stoppen gemeld; vraag dan advies in plaats van zelf te herstarten.<\/p>\n  <\/section>\n\n  <section>\n    <h2>Wanneer het antihistaminicum niet volstaat<\/h2>\n    <p>Aanhoudende neusverstopping kan een andere aanpak vereisen. Urticaria met zwelling van de tong, ademnood of een flauwtegevoel is een spoedgeval.<\/p>\n    <p>Keren klachten vaak terug, verstoren ze de slaap of blijven ze bestaan ondanks correct gebruik, dan zijn allergieonderzoek en herevaluatie beter dan zelf de dosis verhogen.<\/p>\n  <\/section>\n\n  <section>\n    <h2>Medische waarschuwing<\/h2>\n    <p>Deze pagina geeft algemene informatie over generieke levocetirizine. Ze vervangt geen diagnose, voorschrift, bijsluiter van de afgeleverde specialiteit of persoonlijk advies.<\/p>\n    <p>Combineer geen verschillende antihistaminica en verander de frequentie niet zonder professioneel advies. Vraag tijdens zwangerschap en borstvoeding advies v\u00f3\u00f3r gebruik.<\/p>\n  <\/section>\n\n  <section>\n    <h2>Veelgestelde vragen<\/h2>\n    <section><h3>Is generieke levocetirizine hetzelfde als Xyzall?<\/h3><p>Ze bevat dezelfde werkzame stof in dezelfde sterkte, maar fabrikant, hulpstoffen, uiterlijk, verpakking en prijs kunnen verschillen.<\/p><\/section>\n    <section><h3>Is generieke levocetirizine zonder voorschrift verkrijgbaar?<\/h3><p>Levocetirizin AB, de referentie op deze pagina, staat als voorschriftplichtig vermeld. De status moet per concrete specialiteit worden nagegaan.<\/p><\/section>\n    <section><h3>Maakt levocetirizine minder slaperig dan cetirizine?<\/h3><p>Dat verschilt per persoon. Beide kunnen slaperigheid veroorzaken; een altijd lagere sedatie kan niet worden gegarandeerd.<\/p><\/section>\n    <section><h3>Hoe lang werkt \u00e9\u00e9n tablet?<\/h3><p>Het gebruikelijke schema is eenmaal per dag. De behandelingsduur hangt af van blootstelling aan het allergeen en de aanhoudende klachten.<\/p><\/section>\n    <section><h3>Waarom wordt de dosis bij nierinsuffici\u00ebntie aangepast?<\/h3><p>Levocetirizine wordt vooral via de nieren uitgescheiden. Een tragere uitscheiding kan langere intervallen tussen innames vereisen.<\/p><\/section>\n  <\/section>\n\n  <div class=\"reviewed-by\"><p class=\"text-sm text-gray-600\">Tekst geverifieerd door Uttam Chatterjee, Verantwoordelijk apotheker - LocalPharma, 1 september 2026<\/p><\/div>\n\n  <section>\n    <h2>Medische bronnen<\/h2>\n    <ul>\n      <li><a href=\"https:\/\/www.cbip.be\/fr\/vmps\/20198\" target=\"_blank\" rel=\"noopener noreferrer\">BCFI - levocetirizine en beschikbare specialiteiten<\/a><\/li>\n      <li><a href=\"https:\/\/app.fagg-afmps.be\/pharma-status\/api\/files\/62bc6e101e5c015ab3ec5c43\" target=\"_blank\" rel=\"noopener noreferrer\">FAGG - referentiegegevens over levocetirizine 5 mg<\/a><\/li>\n      <li><a href=\"https:\/\/medlineplus.gov\/druginfo\/meds\/a607056.html\" target=\"_blank\" rel=\"noopener noreferrer\">MedlinePlus - levocetirizine<\/a><\/li>\n      <li><a href=\"https:\/\/dailymed.nlm.nih.gov\/dailymed\/drugInfo.cfm?setid=1673f7ff-0c7c-4403-86cf-c05eb1475222\" target=\"_blank\" rel=\"noopener noreferrer\">DailyMed - offici\u00eble informatie over Xyzal<\/a><\/li>\n    <\/ul>\n  <\/section>\n<\/div>\n<\/div>\n\t\t\t\t<\/div>\n\t\t\t\t<\/div>\n\t\t\t\t\t<\/div>\n\t\t\t\t<\/div>\n\t\t\t\t<\/div>","protected":false},"excerpt":{"rendered":"<p>Ceci est un m\u00e9dicament. Pas d\u2019utilisation prolong\u00e9e sans avis m\u00e9dical. Nom du m\u00e9dicament: L\u00e9voc\u00e9tirizine G\u00e9n\u00e9rique Ingr\u00e9dient actif : Dichlorhydrate de l\u00e9voc\u00e9tirizine Fabricant: Aurobindo Forme \/ Force: Comprim\u00e9s pellicul\u00e9s \u00e0 5 mg, bo\u00eete de 100 Prix : 14,74 \u20ac la bo\u00eete de 100 comprim\u00e9s &#8211; environ 0,15 \u20ac par comprim\u00e9Prix garanti via LocalPharma Pharmacie : S\u00e9lectionn\u00e9e [&hellip;]<\/p>\n","protected":false},"author":2,"featured_media":0,"comment_status":"closed","ping_status":"open","sticky":false,"template":"","format":"standard","meta":{"footnotes":""},"categories":[21],"tags":[212],"class_list":["post-537","post","type-post","status-publish","format-standard","hentry","category-allergie","tag-antihistaminique"],"yoast_head":"<!-- This site is optimized with the Yoast SEO plugin v28.4 - https:\/\/yoast.com\/product\/yoast-seo-wordpress\/ -->\n<title>L\u00e9voc\u00e9tirizine g\u00e9n\u00e9rique : Antihistaminique Contre les Sympt\u00f4mes Allergiques | LocalPharma<\/title>\n<meta name=\"description\" content=\"L\u00e9voc\u00e9tirizine g\u00e9n\u00e9rique : antihistaminique efficace contre allergies, sympt\u00f4mes et urticaire chronique.\" \/>\n<meta name=\"robots\" content=\"index, follow, max-snippet:-1, max-image-preview:large, max-video-preview:-1\" \/>\n<link rel=\"canonical\" href=\"https:\/\/localpharma.be\/nl_be\/levocetirizine\/\" \/>\n<meta property=\"og:locale\" content=\"nl_BE\" \/>\n<meta property=\"og:type\" content=\"article\" \/>\n<meta property=\"og:title\" content=\"L\u00e9voc\u00e9tirizine g\u00e9n\u00e9rique : Antihistaminique Contre les Sympt\u00f4mes Allergiques | LocalPharma\" \/>\n<meta property=\"og:description\" content=\"L\u00e9voc\u00e9tirizine g\u00e9n\u00e9rique : antihistaminique efficace contre allergies, sympt\u00f4mes et urticaire chronique.\" \/>\n<meta property=\"og:url\" content=\"https:\/\/localpharma.be\/nl_be\/levocetirizine\/\" \/>\n<meta property=\"og:site_name\" content=\"LocalPharma\" \/>\n<meta property=\"article:published_time\" content=\"2025-04-09T15:22:00+00:00\" \/>\n<meta property=\"article:modified_time\" content=\"2026-09-01T17:45:51+00:00\" \/>\n<meta property=\"og:image\" content=\"https:\/\/localpharma.be\/wp-content\/uploads\/2025\/04\/xyzal.jpg\" \/>\n<meta name=\"author\" content=\"Romain Garcia\" \/>\n<meta name=\"twitter:card\" content=\"summary_large_image\" \/>\n<meta name=\"twitter:label1\" content=\"Geschreven door\" \/>\n\t<meta name=\"twitter:data1\" content=\"Romain Garcia\" \/>\n\t<meta name=\"twitter:label2\" content=\"Geschatte leestijd\" \/>\n\t<meta name=\"twitter:data2\" content=\"6 minuten\" \/>\n<script type=\"application\/ld+json\" class=\"yoast-schema-graph\">{\"@context\":\"https:\\\/\\\/schema.org\",\"@graph\":[{\"@type\":\"Article\",\"@id\":\"https:\\\/\\\/localpharma.be\\\/levocetirizine\\\/#article\",\"isPartOf\":{\"@id\":\"https:\\\/\\\/localpharma.be\\\/levocetirizine\\\/\"},\"author\":{\"name\":\"Romain Garcia\",\"@id\":\"https:\\\/\\\/localpharma.be\\\/#\\\/schema\\\/person\\\/ce21c7cb4509c2ab6180d821c0add981\"},\"headline\":\"L\u00e9voc\u00e9tirizine g\u00e9n\u00e9rique : Antihistaminique Contre les Sympt\u00f4mes Allergiques\",\"datePublished\":\"2025-04-09T15:22:00+00:00\",\"dateModified\":\"2026-09-01T17:45:51+00:00\",\"mainEntityOfPage\":{\"@id\":\"https:\\\/\\\/localpharma.be\\\/levocetirizine\\\/\"},\"wordCount\":1390,\"image\":{\"@id\":\"https:\\\/\\\/localpharma.be\\\/levocetirizine\\\/#primaryimage\"},\"thumbnailUrl\":\"https:\\\/\\\/localpharma.be\\\/wp-content\\\/uploads\\\/2025\\\/04\\\/xyzal.jpg\",\"keywords\":[\"antihistaminique\"],\"articleSection\":[\"allergie\"],\"inLanguage\":\"nl-BE\"},{\"@type\":\"WebPage\",\"@id\":\"https:\\\/\\\/localpharma.be\\\/levocetirizine\\\/\",\"url\":\"https:\\\/\\\/localpharma.be\\\/levocetirizine\\\/\",\"name\":\"L\u00e9voc\u00e9tirizine g\u00e9n\u00e9rique : Antihistaminique Contre les Sympt\u00f4mes Allergiques | LocalPharma\",\"isPartOf\":{\"@id\":\"https:\\\/\\\/localpharma.be\\\/#website\"},\"primaryImageOfPage\":{\"@id\":\"https:\\\/\\\/localpharma.be\\\/levocetirizine\\\/#primaryimage\"},\"image\":{\"@id\":\"https:\\\/\\\/localpharma.be\\\/levocetirizine\\\/#primaryimage\"},\"thumbnailUrl\":\"https:\\\/\\\/localpharma.be\\\/wp-content\\\/uploads\\\/2025\\\/04\\\/xyzal.jpg\",\"datePublished\":\"2025-04-09T15:22:00+00:00\",\"dateModified\":\"2026-09-01T17:45:51+00:00\",\"author\":{\"@id\":\"https:\\\/\\\/localpharma.be\\\/#\\\/schema\\\/person\\\/ce21c7cb4509c2ab6180d821c0add981\"},\"description\":\"L\u00e9voc\u00e9tirizine g\u00e9n\u00e9rique : antihistaminique efficace contre allergies, sympt\u00f4mes et urticaire chronique.\",\"breadcrumb\":{\"@id\":\"https:\\\/\\\/localpharma.be\\\/levocetirizine\\\/#breadcrumb\"},\"inLanguage\":\"nl-BE\",\"potentialAction\":[{\"@type\":\"ReadAction\",\"target\":[\"https:\\\/\\\/localpharma.be\\\/levocetirizine\\\/\"]}]},{\"@type\":\"ImageObject\",\"inLanguage\":\"nl-BE\",\"@id\":\"https:\\\/\\\/localpharma.be\\\/levocetirizine\\\/#primaryimage\",\"url\":\"https:\\\/\\\/localpharma.be\\\/wp-content\\\/uploads\\\/2025\\\/04\\\/xyzal.jpg\",\"contentUrl\":\"https:\\\/\\\/localpharma.be\\\/wp-content\\\/uploads\\\/2025\\\/04\\\/xyzal.jpg\"},{\"@type\":\"BreadcrumbList\",\"@id\":\"https:\\\/\\\/localpharma.be\\\/levocetirizine\\\/#breadcrumb\",\"itemListElement\":[{\"@type\":\"ListItem\",\"position\":1,\"name\":\"Home\",\"item\":\"https:\\\/\\\/localpharma.be\\\/\"},{\"@type\":\"ListItem\",\"position\":2,\"name\":\"L\u00e9voc\u00e9tirizine g\u00e9n\u00e9rique : Antihistaminique Contre les Sympt\u00f4mes Allergiques\"}]},{\"@type\":\"WebSite\",\"@id\":\"https:\\\/\\\/localpharma.be\\\/#website\",\"url\":\"https:\\\/\\\/localpharma.be\\\/\",\"name\":\"LocalPharma\",\"description\":\"\",\"potentialAction\":[{\"@type\":\"SearchAction\",\"target\":{\"@type\":\"EntryPoint\",\"urlTemplate\":\"https:\\\/\\\/localpharma.be\\\/?s={search_term_string}\"},\"query-input\":{\"@type\":\"PropertyValueSpecification\",\"valueRequired\":true,\"valueName\":\"search_term_string\"}}],\"inLanguage\":\"nl-BE\"},{\"@type\":\"Person\",\"@id\":\"https:\\\/\\\/localpharma.be\\\/#\\\/schema\\\/person\\\/ce21c7cb4509c2ab6180d821c0add981\",\"name\":\"Romain Garcia\"}]}<\/script>\n<!-- \/ Yoast SEO plugin. -->","yoast_head_json":{"title":"Generieke levocetirizine: allergie, urticaria en voorzorgen","description":"Generieke levocetirizine: een effectief antihistaminicum tegen allergie\u00ebn, symptomen en chronische urticaria.","robots":{"index":"index","follow":"follow","max-snippet":"max-snippet:-1","max-image-preview":"max-image-preview:large","max-video-preview":"max-video-preview:-1"},"canonical":"https:\/\/localpharma.be\/nl_be\/levocetirizine\/","og_locale":"nl_BE","og_type":"article","og_title":"L\u00e9voc\u00e9tirizine g\u00e9n\u00e9rique : Antihistaminique Contre les Sympt\u00f4mes Allergiques | LocalPharma","og_description":"L\u00e9voc\u00e9tirizine g\u00e9n\u00e9rique : antihistaminique efficace contre allergies, sympt\u00f4mes et urticaire chronique.","og_url":"https:\/\/localpharma.be\/nl_be\/levocetirizine\/","og_site_name":"LocalPharma","article_published_time":"2025-04-09T15:22:00+00:00","article_modified_time":"2026-09-01T17:45:51+00:00","og_image":[{"url":"https:\/\/localpharma.be\/wp-content\/uploads\/2025\/04\/xyzal.jpg","type":"","width":"","height":""}],"author":"Romain Garcia","twitter_card":"summary_large_image","twitter_misc":{"Geschreven door":"Romain Garcia","Geschatte leestijd":"6 minuten"},"schema":{"@context":"https:\/\/schema.org","@graph":[{"@type":"Article","@id":"https:\/\/localpharma.be\/levocetirizine\/#article","isPartOf":{"@id":"https:\/\/localpharma.be\/levocetirizine\/"},"author":{"name":"Romain Garcia","@id":"https:\/\/localpharma.be\/#\/schema\/person\/ce21c7cb4509c2ab6180d821c0add981"},"headline":"L\u00e9voc\u00e9tirizine g\u00e9n\u00e9rique : Antihistaminique Contre les Sympt\u00f4mes Allergiques","datePublished":"2025-04-09T15:22:00+00:00","dateModified":"2026-09-01T17:45:51+00:00","mainEntityOfPage":{"@id":"https:\/\/localpharma.be\/levocetirizine\/"},"wordCount":1390,"image":{"@id":"https:\/\/localpharma.be\/levocetirizine\/#primaryimage"},"thumbnailUrl":"https:\/\/localpharma.be\/wp-content\/uploads\/2025\/04\/xyzal.jpg","keywords":["antihistaminique"],"articleSection":["allergie"],"inLanguage":"nl-BE"},{"@type":"WebPage","@id":"https:\/\/localpharma.be\/levocetirizine\/","url":"https:\/\/localpharma.be\/levocetirizine\/","name":"Generieke levocetirizine: allergie, urticaria en voorzorgen","isPartOf":{"@id":"https:\/\/localpharma.be\/#website"},"primaryImageOfPage":{"@id":"https:\/\/localpharma.be\/levocetirizine\/#primaryimage"},"image":{"@id":"https:\/\/localpharma.be\/levocetirizine\/#primaryimage"},"thumbnailUrl":"https:\/\/localpharma.be\/wp-content\/uploads\/2025\/04\/xyzal.jpg","datePublished":"2025-04-09T15:22:00+00:00","dateModified":"2026-09-01T17:45:51+00:00","author":{"@id":"https:\/\/localpharma.be\/#\/schema\/person\/ce21c7cb4509c2ab6180d821c0add981"},"description":"Generieke levocetirizine: een effectief antihistaminicum tegen allergie\u00ebn, symptomen en chronische urticaria.","breadcrumb":{"@id":"https:\/\/localpharma.be\/levocetirizine\/#breadcrumb"},"inLanguage":"nl-BE","potentialAction":[{"@type":"ReadAction","target":["https:\/\/localpharma.be\/levocetirizine\/"]}]},{"@type":"ImageObject","inLanguage":"nl-BE","@id":"https:\/\/localpharma.be\/levocetirizine\/#primaryimage","url":"https:\/\/localpharma.be\/wp-content\/uploads\/2025\/04\/xyzal.jpg","contentUrl":"https:\/\/localpharma.be\/wp-content\/uploads\/2025\/04\/xyzal.jpg"},{"@type":"BreadcrumbList","@id":"https:\/\/localpharma.be\/levocetirizine\/#breadcrumb","itemListElement":[{"@type":"ListItem","position":1,"name":"Home","item":"https:\/\/localpharma.be\/"},{"@type":"ListItem","position":2,"name":"L\u00e9voc\u00e9tirizine g\u00e9n\u00e9rique : Antihistaminique Contre les Sympt\u00f4mes Allergiques"}]},{"@type":"WebSite","@id":"https:\/\/localpharma.be\/#website","url":"https:\/\/localpharma.be\/","name":"Lokale Farma","description":"","potentialAction":[{"@type":"SearchAction","target":{"@type":"EntryPoint","urlTemplate":"https:\/\/localpharma.be\/?s={search_term_string}"},"query-input":{"@type":"PropertyValueSpecification","valueRequired":true,"valueName":"search_term_string"}}],"inLanguage":"nl-BE"},{"@type":"Person","@id":"https:\/\/localpharma.be\/#\/schema\/person\/ce21c7cb4509c2ab6180d821c0add981","name":"Romain Garcia"}]}},"_links":{"self":[{"href":"https:\/\/localpharma.be\/nl_be\/wp-json\/wp\/v2\/posts\/537","targetHints":{"allow":["GET"]}}],"collection":[{"href":"https:\/\/localpharma.be\/nl_be\/wp-json\/wp\/v2\/posts"}],"about":[{"href":"https:\/\/localpharma.be\/nl_be\/wp-json\/wp\/v2\/types\/post"}],"author":[{"embeddable":true,"href":"https:\/\/localpharma.be\/nl_be\/wp-json\/wp\/v2\/users\/2"}],"replies":[{"embeddable":true,"href":"https:\/\/localpharma.be\/nl_be\/wp-json\/wp\/v2\/comments?post=537"}],"version-history":[{"count":21,"href":"https:\/\/localpharma.be\/nl_be\/wp-json\/wp\/v2\/posts\/537\/revisions"}],"predecessor-version":[{"id":3627,"href":"https:\/\/localpharma.be\/nl_be\/wp-json\/wp\/v2\/posts\/537\/revisions\/3627"}],"wp:attachment":[{"href":"https:\/\/localpharma.be\/nl_be\/wp-json\/wp\/v2\/media?parent=537"}],"wp:term":[{"taxonomy":"category","embeddable":true,"href":"https:\/\/localpharma.be\/nl_be\/wp-json\/wp\/v2\/categories?post=537"},{"taxonomy":"post_tag","embeddable":true,"href":"https:\/\/localpharma.be\/nl_be\/wp-json\/wp\/v2\/tags?post=537"}],"curies":[{"name":"wp","href":"https:\/\/api.w.org\/{rel}","templated":true}]}}