{"id":735,"date":"2025-04-30T09:45:22","date_gmt":"2025-04-30T09:45:22","guid":{"rendered":"https:\/\/localpharma.be\/?p=735"},"modified":"2025-05-05T14:55:37","modified_gmt":"2025-05-05T14:55:37","slug":"algemene-presentatie-van-amoxicillineresistentie","status":"publish","type":"post","link":"https:\/\/localpharma.be\/nl_be\/algemene-presentatie-van-amoxicillineresistentie\/","title":{"rendered":"Overzicht van amoxicillineresistentie"},"content":{"rendered":"<p><b>Amoxicillin<\/b> is een <a href=\"https:\/\/localpharma.be\/nl_be\/antibioticabeheer\/\" target=\"_blank\" rel=\"noopener\">antibioticum<\/a> uit de penicillinefamilie, in Belgi\u00eb veel gebruikt voor de behandeling van diverse bacteri\u00eble infecties, waaronder luchtweg-, keel-, urineweg- en tandheelkundige aandoeningen. Omdat het goed verdragen wordt en relatief goedkoop is, blijft het een belangrijk onderdeel van empirische behandeling.<\/p>\n<p> Maar net als bij elk antibioticum wordt de effectiviteit ervan bedreigd door de toenemende bacteri\u00eble resistentie.<strong>Deze informatiefiche is bedoeld om pati\u00ebnten te informeren en professionals in de gezondheidszorg (artsen, apothekers) te begeleiden bij hun dagelijkse praktijkvoering, op basis van de bijgewerkte gegevens die beschikbaar zijn voor het jaar 2025.<\/strong> <\/p>\n<section>\n<h2>Wat is amoxicillineresistentie?<\/h2>\n<p><b>Amoxicillineresistentie<\/b> ontstaat wanneer bepaalde bacteriestammen mechanismen ontwikkelen waarmee ze de werking van het antibioticum kunnen neutraliseren of omzeilen. Dit kan komen door de productie van enzymen zoals b\u00e8talactamasen, mutaties in doelprote\u00efnen of veranderingen in de membraanpermeabiliteit.<\/p>\n<p><strong>Deze resistentie kan intrinsiek (natuurlijk) of verworven zijn (via mutatie of genoverdracht tussen bacteri\u00ebn). <\/strong>. Het resulteert in therapeutisch falen als een <b>antibioticum<\/b> ongeschikt wordt gebruikt.<\/p>\n<\/section>\n<section>\n<h2>Epidemiologische gegevens in Belgi\u00eb (2024)<\/h2>\n<p>Hieronder staan de percentages resistentie tegen amoxicilline en amoxicilline\/clavulaanzuur die in Belgi\u00eb zijn waargenomen volgens de gegevens die in 2024 beschikbaar waren:<\/p>\n<table border=\"1\" cellpadding=\"8\" cellspacing=\"0\">\n<thead>\n<tr>\n<th>Bacterie<\/th>\n<th>Antibioticum<\/th>\n<th>Weerstandspercentage (%)<\/th>\n<\/tr>\n<\/thead>\n<tbody>\n<tr>\n<td>Streptococcus pneumoniae<\/td>\n<td>Amoxicillin<\/td>\n<td>8,5 %<\/td>\n<\/tr>\n<tr>\n<td>Haemophilus influenzae<\/td>\n<td>Amoxicillin<\/td>\n<td>18,2 %<\/td>\n<\/tr>\n<tr>\n<td>Escherichia coli<\/td>\n<td>Amoxicillin<\/td>\n<td>56,7 %<\/td>\n<\/tr>\n<tr>\n<td>Enterococcus faecalis<\/td>\n<td>Amoxicillin<\/td>\n<td>4,5 %<\/td>\n<\/tr>\n<tr>\n<td>Streptococcus pneumoniae<\/td>\n<td>Amoxicilline\/clavulaanzuur<\/td>\n<td>4,1 %<\/td>\n<\/tr>\n<tr>\n<td>Haemophilus influenzae<\/td>\n<td>Amoxicilline\/clavulaanzuur<\/td>\n<td>3,5 %<\/td>\n<\/tr>\n<tr>\n<td>Escherichia coli<\/td>\n<td>Amoxicilline\/clavulaanzuur<\/td>\n<td>28,4 %<\/td>\n<\/tr>\n<tr>\n<td>Enterococcus faecalis<\/td>\n<td>Amoxicilline\/clavulaanzuur<\/td>\n<td>3,2 %<\/td>\n<\/tr>\n<\/tbody>\n<\/table>\n<p>Deze resultaten, afkomstig van nationale surveillancenetwerken zoals BAPCOC en Sciensano, laten een aanzienlijke variabiliteit zien, afhankelijk van de bacterie. Als <b>Enterococcus faecalis<\/b> blijft zeer gevoelig, enterobacteri\u00ebn zoals <b>E. coli<\/b> vertonen een hoge resistentie, vooral tegen eenvoudige vormen van amoxicilline.<\/p>\n<p>De volledige gegevens zijn beschikbaar in het Sciensano-rapport van 2024:<br \/>\n      <a href=\"https:\/\/www.sciensano.be\/fr\/sujets-sante\/resistance-aux-antibiotiques\/chiffres\" target=\"_blank\" rel=\"noopener noreferrer\"><br \/>\n        https:\/\/www.sciensano.be\/fr\/sujets-sante\/resistance-aux-antibiotiques\/chiffres<br \/>\n      <\/a>\n    <\/p>\n<\/section>\n<section>\n<h2>Factoren die bijdragen aan resistentie<\/h2>\n<ul>\n<li>Het voorschrijven van antibiotica bij virusinfecties, waartegen deze niet effectief zijn.<\/li>\n<li>Zelfmedicatie met antibiotica die u zonder recept heeft gekregen of die u nog gebruikt bij een eerdere behandeling.<\/li>\n<li>Het niet naleven van de voorgeschreven behandelingsduur bevordert de overleving van gedeeltelijk gevoelige bacteri\u00ebn.<\/li>\n<li>Overdracht van resistente stammen van mens op mens in gemeenschappen (scholen, verpleeghuizen).<\/li>\n<\/ul>\n<\/section>\n<section>\n<h2>Huidige aanbevelingen voor voorschrijvers<\/h2>\n<p>Op basis van deze gegevens wordt zorgprofessionals geadviseerd een aanpak te hanteren die gebaseerd is op voorzichtigheid en lokale microbiologische gegevens.<\/p>\n<ul>\n<li>Amoxicilline mag alleen worden voorgeschreven als er een sterk vermoeden of bevestiging bestaat dat de infectie door bacteri\u00ebn wordt veroorzaakt.<\/li>\n<li>Als eerstelijnsbehandeling kan het worden gebruikt bij ongecompliceerde infecties van de bovenste luchtwegen bij pati\u00ebnten zonder risicofactoren.<\/li>\n<li>Bij situaties met een hoog risico of bij eerdere mislukte behandelingen wordt aangeraden om een antibiogram te laten maken ter ondersteuning van de keuze.<\/li>\n<li>Wanneer er een vermoeden bestaat dat er b\u00e8talactamase-producerende bacteri\u00ebn aanwezig zijn, zoals <b>H. influenzae<\/b> Bij oorontstekingen of sinusitis is de combinatie amoxicilline\/clavulaanzuur een geschikt alternatief.<\/li>\n<li>Bij urineweginfecties, vooral bij vrouwen, is amoxicilline alleen doorgaans niet voldoende en moet het middel worden vermeden, tenzij het antibioticaonderzoek de gevoeligheid van de stam bevestigt.<\/li>\n<\/ul>\n<\/section>\n<section>\n<h2>Advies aan pati\u00ebnten<\/h2>\n<p>Het is essentieel dat pati\u00ebnten begrijpen welke rol zij spelen in de strijd tegen antibioticaresistentie. Hier zijn enkele belangrijke aanbevelingen:<\/p>\n<ul>\n<li>Neem nooit een antibioticum zonder medisch voorschrift.<\/li>\n<li>Volg strikt de door de arts aangegeven dosering, frequentie en duur.<\/li>\n<li>Stop niet met de behandeling zodra de symptomen verdwijnen.<\/li>\n<li>Deel of hergebruik geen overgebleven antibiotica.<\/li>\n<li>Informeer uw arts als u in het verleden infecties met resistente bacteri\u00ebn heeft gehad of als u onlangs een antibioticakuur heeft ondergaan.<\/li>\n<\/ul>\n<p><strong>Een goede communicatie tussen de pati\u00ebnt en de zorgverlener helpt onnodige of ongepaste behandelingen te voorkomen.<\/strong><\/p>\n<\/section>\n<section>\n<h2>Perspectief en toekomstige uitdagingen<\/h2>\n<p>Omdat er bij bepaalde bacteriesoorten steeds meer resistentie ontstaat, is het van groot belang om de voorschrijfpraktijken aan te passen en de controle te verscherpen.<\/p>\n<ul>\n<li>Ontwikkeling van snelle bacteri\u00eble identificatietesten in de eerstelijnszorg<\/li>\n<li>Systematischer gebruik van antibiotica<\/li>\n<li>Therapeutische pati\u00ebnteneducatie<\/li>\n<\/ul>\n<p>Op nationaal niveau blijven sensibiliseringscampagnes en een beleid van goed gebruik de pijlers van de Belgische strategie tegen antibioticaresistentie.<\/p>\n<\/section>\n<section>\n<h2>Conclusie en belangrijkste conclusies<\/h2>\n<p>De resistentie tegen amoxicilline in Belgi\u00eb blijft over het algemeen matig voor bepaalde soorten zoals <b>Streptococcus pneumoniae<\/b> of Enterococcus faecalis, maar het is zorgwekkend voor Escherichia coli of <b>Haemophilus influenzae<\/b>.<\/p>\n<p>Deze gegevens bevestigen in 2024 de noodzaak om het gebruik van amoxicilline te reserveren voor zorgvuldig geselecteerde gevallen, op basis van een duidelijk bacterieel vermoeden en, indien mogelijk, microbiologische bevestiging.<\/p>\n<p><strong>De gezamenlijke betrokkenheid van voorschrijvers, apothekers en pati\u00ebnten is essentieel<\/strong> om de ontwikkeling van resistentie te vertragen en de effectiviteit van beschikbare antibiotica te behouden.<\/p>\n<\/section>","protected":false},"excerpt":{"rendered":"<p>L\u2019amoxicilline est un antibiotique de la famille des p\u00e9nicillines, largement utilis\u00e9 en Belgique pour traiter diverses infections bact\u00e9riennes, notamment des affections respiratoires, ORL, urinaires ou encore dentaires. Bien tol\u00e9r\u00e9 et relativement peu co\u00fbteux, il reste un pilier du traitement empirique. Toutefois, comme tout antibiotique, son efficacit\u00e9 est menac\u00e9e par le ph\u00e9nom\u00e8ne croissant de r\u00e9sistance bact\u00e9rienne.Cette [&hellip;]<\/p>\n","protected":false},"author":2,"featured_media":0,"comment_status":"closed","ping_status":"open","sticky":false,"template":"","format":"standard","meta":{"footnotes":""},"categories":[22],"tags":[23],"class_list":["post-735","post","type-post","status-publish","format-standard","hentry","category-antibiotiques","tag-amoxicilline"],"yoast_head":"<!-- This site is optimized with the Yoast SEO plugin v27.4 - https:\/\/yoast.com\/product\/yoast-seo-wordpress\/ -->\n<title>Pr\u00e9sentation g\u00e9n\u00e9rale de la r\u00e9sistance \u00e0 l\u2019amoxicilline | LocalPharma<\/title>\n<meta name=\"robots\" content=\"index, follow, max-snippet:-1, max-image-preview:large, max-video-preview:-1\" \/>\n<link rel=\"canonical\" href=\"https:\/\/localpharma.be\/nl_be\/algemene-presentatie-van-amoxicillineresistentie\/\" \/>\n<meta property=\"og:locale\" content=\"nl_BE\" \/>\n<meta property=\"og:type\" content=\"article\" \/>\n<meta property=\"og:title\" content=\"Pr\u00e9sentation g\u00e9n\u00e9rale de la r\u00e9sistance \u00e0 l\u2019amoxicilline | LocalPharma\" \/>\n<meta property=\"og:description\" content=\"L\u2019amoxicilline est un antibiotique de la famille des p\u00e9nicillines, largement utilis\u00e9 en Belgique pour traiter diverses infections bact\u00e9riennes, notamment des affections respiratoires, ORL, urinaires ou encore dentaires. Bien tol\u00e9r\u00e9 et relativement peu co\u00fbteux, il reste un pilier du traitement empirique. Toutefois, comme tout antibiotique, son efficacit\u00e9 est menac\u00e9e par le ph\u00e9nom\u00e8ne croissant de r\u00e9sistance bact\u00e9rienne.Cette [&hellip;]\" \/>\n<meta property=\"og:url\" content=\"https:\/\/localpharma.be\/nl_be\/algemene-presentatie-van-amoxicillineresistentie\/\" \/>\n<meta property=\"og:site_name\" content=\"LocalPharma\" \/>\n<meta property=\"article:published_time\" content=\"2025-04-30T09:45:22+00:00\" \/>\n<meta property=\"article:modified_time\" content=\"2025-05-05T14:55:37+00:00\" \/>\n<meta name=\"author\" content=\"Romain Garcia\" \/>\n<meta name=\"twitter:card\" content=\"summary_large_image\" \/>\n<meta name=\"twitter:label1\" content=\"Geschreven door\" \/>\n\t<meta name=\"twitter:data1\" content=\"Romain Garcia\" \/>\n\t<meta name=\"twitter:label2\" content=\"Geschatte leestijd\" \/>\n\t<meta name=\"twitter:data2\" content=\"4 minuten\" \/>\n<script type=\"application\/ld+json\" class=\"yoast-schema-graph\">{\"@context\":\"https:\\\/\\\/schema.org\",\"@graph\":[{\"@type\":\"Article\",\"@id\":\"https:\\\/\\\/localpharma.be\\\/presentation-generale-de-la-resistance-a-lamoxicilline\\\/#article\",\"isPartOf\":{\"@id\":\"https:\\\/\\\/localpharma.be\\\/presentation-generale-de-la-resistance-a-lamoxicilline\\\/\"},\"author\":{\"name\":\"Romain Garcia\",\"@id\":\"https:\\\/\\\/localpharma.be\\\/#\\\/schema\\\/person\\\/ce21c7cb4509c2ab6180d821c0add981\"},\"headline\":\"Pr\u00e9sentation g\u00e9n\u00e9rale de la r\u00e9sistance \u00e0 l\u2019amoxicilline\",\"datePublished\":\"2025-04-30T09:45:22+00:00\",\"dateModified\":\"2025-05-05T14:55:37+00:00\",\"mainEntityOfPage\":{\"@id\":\"https:\\\/\\\/localpharma.be\\\/presentation-generale-de-la-resistance-a-lamoxicilline\\\/\"},\"wordCount\":872,\"keywords\":[\"amoxicilline\"],\"articleSection\":[\"antibiotiques\"],\"inLanguage\":\"nl-BE\"},{\"@type\":\"WebPage\",\"@id\":\"https:\\\/\\\/localpharma.be\\\/presentation-generale-de-la-resistance-a-lamoxicilline\\\/\",\"url\":\"https:\\\/\\\/localpharma.be\\\/presentation-generale-de-la-resistance-a-lamoxicilline\\\/\",\"name\":\"Pr\u00e9sentation g\u00e9n\u00e9rale de la r\u00e9sistance \u00e0 l\u2019amoxicilline | LocalPharma\",\"isPartOf\":{\"@id\":\"https:\\\/\\\/localpharma.be\\\/#website\"},\"datePublished\":\"2025-04-30T09:45:22+00:00\",\"dateModified\":\"2025-05-05T14:55:37+00:00\",\"author\":{\"@id\":\"https:\\\/\\\/localpharma.be\\\/#\\\/schema\\\/person\\\/ce21c7cb4509c2ab6180d821c0add981\"},\"breadcrumb\":{\"@id\":\"https:\\\/\\\/localpharma.be\\\/presentation-generale-de-la-resistance-a-lamoxicilline\\\/#breadcrumb\"},\"inLanguage\":\"nl-BE\",\"potentialAction\":[{\"@type\":\"ReadAction\",\"target\":[\"https:\\\/\\\/localpharma.be\\\/presentation-generale-de-la-resistance-a-lamoxicilline\\\/\"]}]},{\"@type\":\"BreadcrumbList\",\"@id\":\"https:\\\/\\\/localpharma.be\\\/presentation-generale-de-la-resistance-a-lamoxicilline\\\/#breadcrumb\",\"itemListElement\":[{\"@type\":\"ListItem\",\"position\":1,\"name\":\"Home\",\"item\":\"https:\\\/\\\/localpharma.be\\\/\"},{\"@type\":\"ListItem\",\"position\":2,\"name\":\"Pr\u00e9sentation g\u00e9n\u00e9rale de la r\u00e9sistance \u00e0 l\u2019amoxicilline\"}]},{\"@type\":\"WebSite\",\"@id\":\"https:\\\/\\\/localpharma.be\\\/#website\",\"url\":\"https:\\\/\\\/localpharma.be\\\/\",\"name\":\"LocalPharma\",\"description\":\"\",\"potentialAction\":[{\"@type\":\"SearchAction\",\"target\":{\"@type\":\"EntryPoint\",\"urlTemplate\":\"https:\\\/\\\/localpharma.be\\\/?s={search_term_string}\"},\"query-input\":{\"@type\":\"PropertyValueSpecification\",\"valueRequired\":true,\"valueName\":\"search_term_string\"}}],\"inLanguage\":\"nl-BE\"},{\"@type\":\"Person\",\"@id\":\"https:\\\/\\\/localpharma.be\\\/#\\\/schema\\\/person\\\/ce21c7cb4509c2ab6180d821c0add981\",\"name\":\"Romain Garcia\"}]}<\/script>\n<!-- \/ Yoast SEO plugin. -->","yoast_head_json":{"title":"Overzicht van amoxicillineresistentie | LokalePharma","robots":{"index":"index","follow":"follow","max-snippet":"max-snippet:-1","max-image-preview":"max-image-preview:large","max-video-preview":"max-video-preview:-1"},"canonical":"https:\/\/localpharma.be\/nl_be\/algemene-presentatie-van-amoxicillineresistentie\/","og_locale":"nl_BE","og_type":"article","og_title":"Pr\u00e9sentation g\u00e9n\u00e9rale de la r\u00e9sistance \u00e0 l\u2019amoxicilline | LocalPharma","og_description":"L\u2019amoxicilline est un antibiotique de la famille des p\u00e9nicillines, largement utilis\u00e9 en Belgique pour traiter diverses infections bact\u00e9riennes, notamment des affections respiratoires, ORL, urinaires ou encore dentaires. Bien tol\u00e9r\u00e9 et relativement peu co\u00fbteux, il reste un pilier du traitement empirique. Toutefois, comme tout antibiotique, son efficacit\u00e9 est menac\u00e9e par le ph\u00e9nom\u00e8ne croissant de r\u00e9sistance bact\u00e9rienne.Cette [&hellip;]","og_url":"https:\/\/localpharma.be\/nl_be\/algemene-presentatie-van-amoxicillineresistentie\/","og_site_name":"LocalPharma","article_published_time":"2025-04-30T09:45:22+00:00","article_modified_time":"2025-05-05T14:55:37+00:00","author":"Romain Garcia","twitter_card":"summary_large_image","twitter_misc":{"Geschreven door":"Romain Garcia","Geschatte leestijd":"4 minuten"},"schema":{"@context":"https:\/\/schema.org","@graph":[{"@type":"Article","@id":"https:\/\/localpharma.be\/presentation-generale-de-la-resistance-a-lamoxicilline\/#article","isPartOf":{"@id":"https:\/\/localpharma.be\/presentation-generale-de-la-resistance-a-lamoxicilline\/"},"author":{"name":"Romain Garcia","@id":"https:\/\/localpharma.be\/#\/schema\/person\/ce21c7cb4509c2ab6180d821c0add981"},"headline":"Pr\u00e9sentation g\u00e9n\u00e9rale de la r\u00e9sistance \u00e0 l\u2019amoxicilline","datePublished":"2025-04-30T09:45:22+00:00","dateModified":"2025-05-05T14:55:37+00:00","mainEntityOfPage":{"@id":"https:\/\/localpharma.be\/presentation-generale-de-la-resistance-a-lamoxicilline\/"},"wordCount":872,"keywords":["amoxicilline"],"articleSection":["antibiotiques"],"inLanguage":"nl-BE"},{"@type":"WebPage","@id":"https:\/\/localpharma.be\/presentation-generale-de-la-resistance-a-lamoxicilline\/","url":"https:\/\/localpharma.be\/presentation-generale-de-la-resistance-a-lamoxicilline\/","name":"Overzicht van amoxicillineresistentie | LokalePharma","isPartOf":{"@id":"https:\/\/localpharma.be\/#website"},"datePublished":"2025-04-30T09:45:22+00:00","dateModified":"2025-05-05T14:55:37+00:00","author":{"@id":"https:\/\/localpharma.be\/#\/schema\/person\/ce21c7cb4509c2ab6180d821c0add981"},"breadcrumb":{"@id":"https:\/\/localpharma.be\/presentation-generale-de-la-resistance-a-lamoxicilline\/#breadcrumb"},"inLanguage":"nl-BE","potentialAction":[{"@type":"ReadAction","target":["https:\/\/localpharma.be\/presentation-generale-de-la-resistance-a-lamoxicilline\/"]}]},{"@type":"BreadcrumbList","@id":"https:\/\/localpharma.be\/presentation-generale-de-la-resistance-a-lamoxicilline\/#breadcrumb","itemListElement":[{"@type":"ListItem","position":1,"name":"Home","item":"https:\/\/localpharma.be\/"},{"@type":"ListItem","position":2,"name":"Pr\u00e9sentation g\u00e9n\u00e9rale de la r\u00e9sistance \u00e0 l\u2019amoxicilline"}]},{"@type":"WebSite","@id":"https:\/\/localpharma.be\/#website","url":"https:\/\/localpharma.be\/","name":"Lokale Farma","description":"","potentialAction":[{"@type":"SearchAction","target":{"@type":"EntryPoint","urlTemplate":"https:\/\/localpharma.be\/?s={search_term_string}"},"query-input":{"@type":"PropertyValueSpecification","valueRequired":true,"valueName":"search_term_string"}}],"inLanguage":"nl-BE"},{"@type":"Person","@id":"https:\/\/localpharma.be\/#\/schema\/person\/ce21c7cb4509c2ab6180d821c0add981","name":"Romain Garcia"}]}},"_links":{"self":[{"href":"https:\/\/localpharma.be\/nl_be\/wp-json\/wp\/v2\/posts\/735","targetHints":{"allow":["GET"]}}],"collection":[{"href":"https:\/\/localpharma.be\/nl_be\/wp-json\/wp\/v2\/posts"}],"about":[{"href":"https:\/\/localpharma.be\/nl_be\/wp-json\/wp\/v2\/types\/post"}],"author":[{"embeddable":true,"href":"https:\/\/localpharma.be\/nl_be\/wp-json\/wp\/v2\/users\/2"}],"replies":[{"embeddable":true,"href":"https:\/\/localpharma.be\/nl_be\/wp-json\/wp\/v2\/comments?post=735"}],"version-history":[{"count":3,"href":"https:\/\/localpharma.be\/nl_be\/wp-json\/wp\/v2\/posts\/735\/revisions"}],"predecessor-version":[{"id":764,"href":"https:\/\/localpharma.be\/nl_be\/wp-json\/wp\/v2\/posts\/735\/revisions\/764"}],"wp:attachment":[{"href":"https:\/\/localpharma.be\/nl_be\/wp-json\/wp\/v2\/media?parent=735"}],"wp:term":[{"taxonomy":"category","embeddable":true,"href":"https:\/\/localpharma.be\/nl_be\/wp-json\/wp\/v2\/categories?post=735"},{"taxonomy":"post_tag","embeddable":true,"href":"https:\/\/localpharma.be\/nl_be\/wp-json\/wp\/v2\/tags?post=735"}],"curies":[{"name":"wp","href":"https:\/\/api.w.org\/{rel}","templated":true}]}}