{"id":772,"date":"2025-05-06T16:57:56","date_gmt":"2025-05-06T16:57:56","guid":{"rendered":"https:\/\/localpharma.be\/?p=772"},"modified":"2026-08-27T13:06:52","modified_gmt":"2026-08-27T13:06:52","slug":"tretinoine-gel-of-creme","status":"publish","type":"post","link":"https:\/\/localpharma.be\/nl_be\/tretinoine-gel-of-creme\/","title":{"rendered":"Tretino\u00efnecr\u00e8me of - gel in Belgi\u00eb: voorschrift, prijs en gebruik"},"content":{"rendered":"<div data-elementor-type=\"wp-post\" data-elementor-id=\"772\" class=\"elementor elementor-772\" data-elementor-post-type=\"post\">\n\t\t\t\t<div class=\"elementor-element elementor-element-9166eeb e-flex e-con-boxed e-con e-parent\" data-id=\"9166eeb\" data-element_type=\"container\" data-e-type=\"container\">\n\t\t\t\t\t<div class=\"e-con-inner\">\n\t\t\t\t<div class=\"elementor-element elementor-element-fa02b88 elementor-widget elementor-widget-html\" data-id=\"fa02b88\" data-element_type=\"widget\" data-e-type=\"widget\" data-widget_type=\"html.default\">\n\t\t\t\t<div class=\"elementor-widget-container\">\n\t\t\t\t\t<div class=\"translation-block\">\n  <div class=\"product-block\">\n    <div class=\"product-image\">\n      <img src=\"https:\/\/localpharma.be\/wp-content\/uploads\/2025\/05\/tretinoin-cream-0-450x3600-1.jpg\" alt=\"Illustration d\u2019une cr\u00e8me dermatologique \u00e0 la tr\u00e9tino\u00efne\" decoding=\"async\" loading=\"lazy\">\n    <\/div>\n    <div class=\"product-table\">\n      <p class=\"med-warning\">Ceci est un m\u00e9dicament. Pas d\u2019utilisation prolong\u00e9e sans avis m\u00e9dical.<\/p>\n      <table>\n        <tbody>\n          <tr><td>Nom du m\u00e9dicament:<\/td><td>Cr\u00e8me magistrale \u00e0 la tr\u00e9tino\u00efne<\/td><\/tr>\n          <tr><td>Ingr\u00e9dient actif :<\/td><td>Tr\u00e9tino\u00efne<\/td><\/tr>\n          <tr><td>Fabricant:<\/td><td>Pr\u00e9paration magistrale en pharmacie<\/td><\/tr>\n          <tr><td>Forme \/ Force:<\/td><td>Cr\u00e8me 0,05 %, pot de 50 g<\/td><\/tr>\n          <tr>\n            <td>Prix :<\/td>\n            <td><strong>\u20ac35,29 le conditionnement - \u20ac0,71 par gramme<\/strong><br><small>Prix garanti via LocalPharma<\/small><\/td>\n          <\/tr>\n          <tr><td>Pharmacie :<\/td><td>S\u00e9lectionn\u00e9e selon votre adresse et la disponibilit\u00e9<\/td><\/tr>\n          <tr><td>Livraison :<\/td><td>D\u00e9lai indiqu\u00e9 apr\u00e8s s\u00e9lection de la pharmacie<\/td><\/tr>\n          <tr>\n            <td>Commander :<\/td>\n            <td><a href=\"#\" class=\"button\">V\u00e9rifier la disponibilit\u00e9<\/a><br><small>Vente et d\u00e9livrance assur\u00e9es par une pharmacie partenaire autoris\u00e9e.<\/small><\/td>\n          <\/tr>\n        <\/tbody>\n      <\/table>\n    <\/div>\n  <\/div>\n\n\n    <p>En Belgique, demander \u00ab de la tr\u00e9tino\u00efne \u00bb peut conduire \u00e0 deux produits assez diff\u00e9rents. Le premier est une cr\u00e8me pr\u00e9par\u00e9e par le pharmacien \u00e0 partir d\u2019une formule officielle. Le second, Treclinax, est un gel pr\u00eat \u00e0 l\u2019emploi qui associe la tr\u00e9tino\u00efne \u00e0 la clindamycine, un antibiotique.<\/p>\n\n    <p>Cette nuance change beaucoup de choses : la fa\u00e7on de l\u2019utiliser, la dur\u00e9e du traitement et m\u00eame les pr\u00e9cautions \u00e0 prendre. <strong>Une ordonnance pour une cr\u00e8me magistrale ne doit donc pas \u00eatre remplac\u00e9e spontan\u00e9ment par Treclinax, ni l\u2019inverse.<\/strong><\/p>\n\n    <section>\n      <h2>Quelles formes peut-on obtenir en pharmacie belge ?<\/h2>\n      <p>La <b>cr\u00e8me de tr\u00e9tino\u00efne 0,05 % en Belgique<\/b> figure dans le Formulaire Th\u00e9rapeutique Magistral de l\u2019AFMPS. Ce n\u2019est pas une marque industrielle : elle est pr\u00e9par\u00e9e \u00e0 l\u2019officine sur prescription, dans une base hydrophile, avec une quantit\u00e9 limit\u00e9e \u00e0 50 g pour pr\u00e9server sa stabilit\u00e9.<\/p>\n      <p>Treclinax est diff\u00e9rent. Chaque gramme de gel apporte 0,25 mg de tr\u00e9tino\u00efne et 10 mg de clindamycine. Le m\u00e9dicament est enregistr\u00e9 pour l\u2019acn\u00e9 vulgaire avec com\u00e9dons, papules et pustules \u00e0 partir de 12 ans.<\/p>\n      <p>La pr\u00e9sence d\u2019un antibiotique n\u2019est pas un simple d\u00e9tail de formule. Elle explique pourquoi le <b>gel Treclinax sur ordonnance<\/b> r\u00e9pond \u00e0 une situation pr\u00e9cise et ne convient pas \u00e0 un usage cosm\u00e9tique prolong\u00e9.<\/p>\n    <\/section>\n\n    <section>\n      <h2>Combien co\u00fbtent la cr\u00e8me et le gel ?<\/h2>\n      <p>Pour 50 g de cr\u00e8me magistrale \u00e0 0,05 %, un tarif de 35,29 \u20ac a \u00e9t\u00e9 relev\u00e9, soit environ 0,71 \u20ac par gramme. Le <b>prix d\u2019une pr\u00e9paration magistrale de tr\u00e9tino\u00efne<\/b> reste indicatif : il peut changer avec l\u2019excipient, la quantit\u00e9 prescrite et les conditions de l\u2019officine.<\/p>\n      <p>La plus grande pr\u00e9sentation r\u00e9pertori\u00e9e de Treclinax contient 60 g. Son prix public est de 40,62 \u20ac, soit environ 0,68 \u20ac par gramme. En cas de remboursement, le montant effectivement pay\u00e9 peut \u00eatre diff\u00e9rent.<\/p>\n      <p>Ces chiffres aident \u00e0 situer le co\u00fbt, pas \u00e0 promettre une disponibilit\u00e9. Pour <b>obtenir de la tr\u00e9tino\u00efne en pharmacie belge<\/b>, il faut une prescription valable et une confirmation de l\u2019officine. Une pr\u00e9paration magistrale demande en outre un d\u00e9lai de r\u00e9alisation.<\/p>\n    <\/section>\n\n    <section>\n      <h2>\u00c0 quoi sert la tr\u00e9tino\u00efne ?<\/h2>\n      <p>Dans l\u2019acn\u00e9, la tr\u00e9tino\u00efne agit surtout sur la fa\u00e7on dont les cellules se renouvellent \u00e0 l\u2019entr\u00e9e du follicule. Elle limite l\u2019accumulation qui favorise les points noirs et les points blancs. Dans Treclinax, la clindamycine r\u00e9duit en parall\u00e8le la croissance des bact\u00e9ries associ\u00e9es \u00e0 l\u2019acn\u00e9 et l\u2019inflammation qu\u2019elles entretiennent.<\/p>\n      <p>Le FTM belge mentionne aussi la cr\u00e8me magistrale comme traitement palliatif de certaines taches pigmentaires et de petites rides li\u00e9es \u00e0 une exposition solaire chronique. Cela ne transforme pas la cr\u00e8me en soin anti-\u00e2ge courant : l\u2019indication, la concentration et la dur\u00e9e restent une d\u00e9cision m\u00e9dicale.<\/p>\n      <p>Pour mieux distinguer un r\u00e9tino\u00efde appliqu\u00e9 sur la peau d\u2019un traitement oral, consultez l\u2019article LocalPharma consacr\u00e9 \u00e0 <a href=\"https:\/\/localpharma.be\/nl_be\/acnebehandelingen-omvatten-onder-andere-isotretinoine-en-tretinoine\/\" target=\"_blank\" rel=\"noopener\">la tr\u00e9tino\u00efne et l\u2019isotr\u00e9tino\u00efne dans le traitement de l\u2019acn\u00e9<\/a>.<\/p>\n    <\/section>\n\n    <section>\n      <h2>Comment appliquer le produit prescrit ?<\/h2>\n      <p>Pour Treclinax, la notice pr\u00e9voit une application le soir. Apr\u00e8s un nettoyage doux et un s\u00e9chage soigneux, une quantit\u00e9 de gel de la taille d\u2019un petit pois est r\u00e9partie en petites touches sur le menton, les joues, le nez et le front, puis \u00e9tal\u00e9e d\u00e9licatement sur le visage.<\/p>\n      <p>L\u2019<b>application de la tr\u00e9tino\u00efne le soir<\/b> ne signifie pas qu\u2019il faut en mettre davantage pour acc\u00e9l\u00e9rer le r\u00e9sultat. Une couche plus \u00e9paisse augmente surtout le risque d\u2019irritation.<\/p>\n      <p>La cr\u00e8me magistrale suit les indications port\u00e9es sur l\u2019ordonnance et l\u2019\u00e9tiquette. Sa base, sa conservation et parfois son rythme d\u2019application diff\u00e8rent du gel. La formule FTM doit \u00eatre gard\u00e9e entre 2 \u00b0C et 8 \u00b0C et sa dur\u00e9e d\u2019utilisation est normalement de deux mois lorsqu\u2019elle contient le conservateur pr\u00e9vu.<\/p>\n      <p>Dans les deux cas, \u00e9vitez les yeux, les paupi\u00e8res, les l\u00e8vres, les narines, les muqueuses et la peau \u00e9corch\u00e9e ou ecz\u00e9mateuse. Lavez-vous les mains apr\u00e8s l\u2019application.<\/p>\n    <\/section>\n\n    <section>\n      <h2>Quand peut-on esp\u00e9rer une am\u00e9lioration ?<\/h2>\n      <p>La peau ne change pas en quelques jours. Plusieurs semaines peuvent \u00eatre n\u00e9cessaires avant de constater une am\u00e9lioration nette. Une aggravation transitoire est possible au d\u00e9but, mais elle n\u2019est ni obligatoire ni une \u00ab purge \u00bb qu\u2019il faudrait toujours supporter.<\/p>\n      <p>Une irritation importante, des douleurs, un gonflement ou des cloques justifient de demander conseil. Pour Treclinax, le traitement ne doit pas se prolonger au-del\u00e0 de 12 semaines sans r\u00e9\u00e9valuation attentive, notamment parce qu\u2019il contient un antibiotique.<\/p>\n    <\/section>\n\n    <section>\n      <h2>Rougeurs, s\u00e9cheresse et autres effets ind\u00e9sirables<\/h2>\n      <p>Les <b>effets secondaires de la tr\u00e9tino\u00efne<\/b> sont le plus souvent cutan\u00e9s : rougeur, s\u00e9cheresse, desquamation, picotements, d\u00e9mangeaisons ou sensation de br\u00fblure. Ils sont plus marqu\u00e9s lorsque la quantit\u00e9 appliqu\u00e9e est excessive ou que la routine contient d\u00e9j\u00e0 plusieurs produits irritants.<\/p>\n      <p>Treclinax ajoute les pr\u00e9cautions li\u00e9es \u00e0 la clindamycine. Une diarrh\u00e9e prolong\u00e9e ou importante, surtout accompagn\u00e9e de crampes abdominales, doit \u00eatre signal\u00e9e rapidement au m\u00e9decin en raison du risque rare de colite associ\u00e9e aux antibiotiques.<\/p>\n    <\/section>\n\n    <section>\n      <h2>Soleil et produits irritants<\/h2>\n      <p>La tr\u00e9tino\u00efne rend la peau plus sensible aux UV. Une protection solaire adapt\u00e9e, des v\u00eatements protecteurs et une exposition limit\u00e9e sont donc utiles. La notice de Treclinax conseille un \u00e9cran d\u2019au moins SPF 30 et demande d\u2019\u00e9viter les lampes UV et les bancs solaires.<\/p>\n      <p>Les exfoliants, les savons tr\u00e8s dess\u00e9chants et les soins riches en alcool peuvent accentuer l\u2019irritation. La m\u00eame prudence s\u2019applique au peroxyde de benzoyle, \u00e0 l\u2019acide salicylique, au soufre et au r\u00e9sorcinol. Leur association ou leur alternance doit \u00eatre organis\u00e9e avec le prescripteur plut\u00f4t qu\u2019ajout\u00e9e au hasard.<\/p>\n    <\/section>\n\n    <section>\n      <h2>Grossesse, projet de grossesse et allaitement<\/h2>\n      <p>La <b>tr\u00e9tino\u00efne pendant la grossesse<\/b> est contre-indiqu\u00e9e, m\u00eame lorsqu\u2019elle est appliqu\u00e9e sur la peau. Treclinax ne doit pas non plus \u00eatre utilis\u00e9 en cas de projet de grossesse. Sa notice pr\u00e9voit une contraception efficace pendant le traitement et pendant un mois apr\u00e8s l\u2019arr\u00eat.<\/p>\n      <p>Treclinax est \u00e9galement d\u00e9conseill\u00e9 pendant l\u2019allaitement. Pour une pr\u00e9paration magistrale, une grossesse, un projet de grossesse ou un allaitement doit toujours \u00eatre signal\u00e9 avant la prescription et la pr\u00e9paration.<\/p>\n    <\/section>\n\n    <section>\n      <h2>Cr\u00e8me ou gel : comment choisir ?<\/h2>\n      <p>Le choix entre <b>cr\u00e8me magistrale ou gel \u00e0 la tr\u00e9tino\u00efne<\/b> ne d\u00e9pend pas seulement de la texture. La cr\u00e8me FTM contient la tr\u00e9tino\u00efne seule, tandis que Treclinax associe un antibiotique. Le m\u00e9decin tient compte du type d\u2019acn\u00e9, de la sensibilit\u00e9 de la peau, des traitements d\u00e9j\u00e0 essay\u00e9s et de la dur\u00e9e envisag\u00e9e.<\/p>\n      <p>En pratique, l\u2019ordonnance doit \u00eatre suffisamment pr\u00e9cise : forme, concentration, quantit\u00e9 et, pour la pr\u00e9paration magistrale, base utilis\u00e9e. C\u2019est cette pr\u00e9cision qui permet au pharmacien de d\u00e9livrer ou de pr\u00e9parer le bon produit.<\/p>\n    <\/section>\n\n    <section>\n      <h2>Questions fr\u00e9quentes<\/h2>\n      <section>\n        <h3>La cr\u00e8me de tr\u00e9tino\u00efne est-elle une sp\u00e9cialit\u00e9 commerciale belge ?<\/h3>\n        <p>Non. La forme \u00e0 0,05 % pr\u00e9sent\u00e9e ici est une pr\u00e9paration magistrale officielle, r\u00e9alis\u00e9e par le pharmacien sur prescription.<\/p>\n      <\/section>\n      <section>\n        <h3>Treclinax contient-il uniquement de la tr\u00e9tino\u00efne ?<\/h3>\n        <p>Non. Il contient aussi 1 % de clindamycine. Cette pr\u00e9sence antibiotique limite notamment la dur\u00e9e d\u2019utilisation sans r\u00e9\u00e9valuation.<\/p>\n      <\/section>\n      <section>\n        <h3>Peut-on commander la tr\u00e9tino\u00efne sans ordonnance ?<\/h3>\n        <p>Non. La cr\u00e8me magistrale et Treclinax n\u00e9cessitent une prescription en Belgique. La disponibilit\u00e9 doit \u00eatre confirm\u00e9e aupr\u00e8s de l\u2019officine.<\/p>\n      <\/section>\n      <section>\n        <h3>Pourquoi le prix de la cr\u00e8me peut-il changer ?<\/h3>\n        <p>Une pr\u00e9paration magistrale est r\u00e9alis\u00e9e pour une prescription pr\u00e9cise. La base, la quantit\u00e9 et les conditions de pr\u00e9paration peuvent modifier son co\u00fbt.<\/p>\n      <\/section>\n      <section>\n        <h3>Peut-on utiliser la tr\u00e9tino\u00efne pendant la grossesse ?<\/h3>\n        <p>Non. Les r\u00e9tino\u00efdes topiques sont contre-indiqu\u00e9s pendant la grossesse et doivent \u00eatre \u00e9vit\u00e9s en cas de projet de grossesse.<\/p>\n      <\/section>\n    <\/section>\n\n    <section>\n      <h2>Avertissement m\u00e9dical<\/h2>\n      <p>Cette page donne des informations g\u00e9n\u00e9rales. Elle ne remplace ni une consultation, ni un diagnostic, ni les instructions inscrites sur l\u2019ordonnance et l\u2019\u00e9tiquette du produit pr\u00e9par\u00e9 ou d\u00e9livr\u00e9.<\/p>\n      <p><strong>Une grossesse pendant le traitement, une r\u00e9action cutan\u00e9e s\u00e9v\u00e8re ou une diarrh\u00e9e importante sous Treclinax n\u00e9cessite de contacter rapidement un professionnel de sant\u00e9.<\/strong><\/p>\n    <\/section>\n\n    <div class=\"reviewed-by\">\n      <p class=\"text-sm text-gray-600\">\n        Texte v\u00e9rifi\u00e9 par Uttam Chatterjee,<br>\n        Pharmacien responsable \u2013 LocalPharma, 25 ao\u00fbt 2026\n      <\/p>\n    <\/div>\n\n    <section class=\"article-references\">\n      <h2>Sources<\/h2>\n      <ul>\n        <li><a href=\"https:\/\/www.afmps.be\/sites\/default\/files\/FTM-03-07-25.pdf\" target=\"_blank\" rel=\"noopener noreferrer\">AFMPS - cr\u00e8me hydrophile \u00e0 0,05 % de tr\u00e9tino\u00efne, Formulaire Th\u00e9rapeutique Magistral<\/a><\/li>\n        <li><a href=\"https:\/\/app.fagg-afmps.be\/pharma-status\/api\/files\/62bc5c9f1e5c015ab3c7d69c\" target=\"_blank\" rel=\"noopener noreferrer\">AFMPS - r\u00e9sum\u00e9 des caract\u00e9ristiques de Treclinax<\/a><\/li>\n        <li><a href=\"https:\/\/www.cbip.be\/PDFREP\/GGRCM\/GGR_FR_2026.pdf\" target=\"_blank\" rel=\"noopener noreferrer\">CBIP - R\u00e9pertoire Comment\u00e9 des M\u00e9dicaments 2026<\/a><\/li>\n        <li><a href=\"https:\/\/compounding.magis-pharma.be\/fr_BE\/shop\/product\/tretinoine-0-05-creme-50g-403\" target=\"_blank\" rel=\"noopener noreferrer\">Parchim - prix observ\u00e9 de la cr\u00e8me magistrale \u00e0 0,05 %<\/a><\/li>\n      <\/ul>\n    <\/section>\n  <\/main>\n<\/div>\t\t\t\t<\/div>\n\t\t\t\t<\/div>\n\t\t\t\t\t<\/div>\n\t\t\t\t<\/div>\n\t\t\t\t<\/div>","protected":false},"excerpt":{"rendered":"<p>Ceci est un m\u00e9dicament. Pas d\u2019utilisation prolong\u00e9e sans avis m\u00e9dical. Nom du m\u00e9dicament: Cr\u00e8me magistrale \u00e0 la tr\u00e9tino\u00efne Ingr\u00e9dient actif : Tr\u00e9tino\u00efne Fabricant: Pr\u00e9paration magistrale en pharmacie Forme \/ Force: Cr\u00e8me 0,05 %, pot de 50 g Prix : \u20ac35,29 le conditionnement &#8211; \u20ac0,71 par grammePrix garanti via LocalPharma Pharmacie : S\u00e9lectionn\u00e9e selon votre adresse [&hellip;]<\/p>\n","protected":false},"author":2,"featured_media":0,"comment_status":"closed","ping_status":"open","sticky":false,"template":"","format":"standard","meta":{"footnotes":""},"categories":[72],"tags":[],"class_list":["post-772","post","type-post","status-publish","format-standard","hentry","category-acne"],"yoast_head":"<!-- This site is optimized with the Yoast SEO plugin v28.3 - https:\/\/yoast.com\/product\/yoast-seo-wordpress\/ -->\n<title>Cr\u00e8me ou gel \u00e0 la tr\u00e9tino\u00efne en Belgique : ordonnance, prix et utilisation | LocalPharma<\/title>\n<meta name=\"description\" content=\"Cr\u00e8me magistrale de tr\u00e9tino\u00efne et gel Treclinax en Belgique : composition, prix par tube, ordonnance, application et pr\u00e9cautions.\" \/>\n<meta name=\"robots\" content=\"index, follow, max-snippet:-1, max-image-preview:large, max-video-preview:-1\" \/>\n<link rel=\"canonical\" href=\"https:\/\/localpharma.be\/nl_be\/tretinoine-gel-of-creme\/\" \/>\n<meta property=\"og:locale\" content=\"nl_BE\" \/>\n<meta property=\"og:type\" content=\"article\" \/>\n<meta property=\"og:title\" content=\"Cr\u00e8me ou gel \u00e0 la tr\u00e9tino\u00efne en Belgique : ordonnance, prix et utilisation | LocalPharma\" \/>\n<meta property=\"og:description\" content=\"Cr\u00e8me magistrale de tr\u00e9tino\u00efne et gel Treclinax en Belgique : composition, prix par tube, ordonnance, application et pr\u00e9cautions.\" \/>\n<meta property=\"og:url\" content=\"https:\/\/localpharma.be\/nl_be\/tretinoine-gel-of-creme\/\" \/>\n<meta property=\"og:site_name\" content=\"LocalPharma\" \/>\n<meta property=\"article:published_time\" content=\"2025-05-06T16:57:56+00:00\" \/>\n<meta property=\"article:modified_time\" content=\"2026-08-27T13:06:52+00:00\" \/>\n<meta property=\"og:image\" content=\"https:\/\/localpharma.be\/wp-content\/uploads\/2025\/05\/tretinoin-cream-0-450x3600-1.jpg\" \/>\n<meta name=\"author\" content=\"Romain Garcia\" \/>\n<meta name=\"twitter:card\" content=\"summary_large_image\" \/>\n<meta name=\"twitter:label1\" content=\"Geschreven door\" \/>\n\t<meta name=\"twitter:data1\" content=\"Romain Garcia\" \/>\n\t<meta name=\"twitter:label2\" content=\"Geschatte leestijd\" \/>\n\t<meta name=\"twitter:data2\" content=\"8 minuten\" \/>\n<script type=\"application\/ld+json\" class=\"yoast-schema-graph\">{\"@context\":\"https:\\\/\\\/schema.org\",\"@graph\":[{\"@type\":\"Article\",\"@id\":\"https:\\\/\\\/localpharma.be\\\/tretinoine-gel-ou-de-creme\\\/#article\",\"isPartOf\":{\"@id\":\"https:\\\/\\\/localpharma.be\\\/tretinoine-gel-ou-de-creme\\\/\"},\"author\":{\"name\":\"Romain Garcia\",\"@id\":\"https:\\\/\\\/localpharma.be\\\/#\\\/schema\\\/person\\\/ce21c7cb4509c2ab6180d821c0add981\"},\"headline\":\"Cr\u00e8me ou gel \u00e0 la tr\u00e9tino\u00efne en Belgique : ordonnance, prix et utilisation\",\"datePublished\":\"2025-05-06T16:57:56+00:00\",\"dateModified\":\"2026-08-27T13:06:52+00:00\",\"mainEntityOfPage\":{\"@id\":\"https:\\\/\\\/localpharma.be\\\/tretinoine-gel-ou-de-creme\\\/\"},\"wordCount\":1582,\"image\":{\"@id\":\"https:\\\/\\\/localpharma.be\\\/tretinoine-gel-ou-de-creme\\\/#primaryimage\"},\"thumbnailUrl\":\"https:\\\/\\\/localpharma.be\\\/wp-content\\\/uploads\\\/2025\\\/05\\\/tretinoin-cream-0-450x3600-1.jpg\",\"articleSection\":[\"acn\u00e9\"],\"inLanguage\":\"nl-BE\"},{\"@type\":\"WebPage\",\"@id\":\"https:\\\/\\\/localpharma.be\\\/tretinoine-gel-ou-de-creme\\\/\",\"url\":\"https:\\\/\\\/localpharma.be\\\/tretinoine-gel-ou-de-creme\\\/\",\"name\":\"Cr\u00e8me ou gel \u00e0 la tr\u00e9tino\u00efne en Belgique : ordonnance, prix et utilisation | LocalPharma\",\"isPartOf\":{\"@id\":\"https:\\\/\\\/localpharma.be\\\/#website\"},\"primaryImageOfPage\":{\"@id\":\"https:\\\/\\\/localpharma.be\\\/tretinoine-gel-ou-de-creme\\\/#primaryimage\"},\"image\":{\"@id\":\"https:\\\/\\\/localpharma.be\\\/tretinoine-gel-ou-de-creme\\\/#primaryimage\"},\"thumbnailUrl\":\"https:\\\/\\\/localpharma.be\\\/wp-content\\\/uploads\\\/2025\\\/05\\\/tretinoin-cream-0-450x3600-1.jpg\",\"datePublished\":\"2025-05-06T16:57:56+00:00\",\"dateModified\":\"2026-08-27T13:06:52+00:00\",\"author\":{\"@id\":\"https:\\\/\\\/localpharma.be\\\/#\\\/schema\\\/person\\\/ce21c7cb4509c2ab6180d821c0add981\"},\"description\":\"Cr\u00e8me magistrale de tr\u00e9tino\u00efne et gel Treclinax en Belgique : composition, prix par tube, ordonnance, application et pr\u00e9cautions.\",\"breadcrumb\":{\"@id\":\"https:\\\/\\\/localpharma.be\\\/tretinoine-gel-ou-de-creme\\\/#breadcrumb\"},\"inLanguage\":\"nl-BE\",\"potentialAction\":[{\"@type\":\"ReadAction\",\"target\":[\"https:\\\/\\\/localpharma.be\\\/tretinoine-gel-ou-de-creme\\\/\"]}]},{\"@type\":\"ImageObject\",\"inLanguage\":\"nl-BE\",\"@id\":\"https:\\\/\\\/localpharma.be\\\/tretinoine-gel-ou-de-creme\\\/#primaryimage\",\"url\":\"https:\\\/\\\/localpharma.be\\\/wp-content\\\/uploads\\\/2025\\\/05\\\/tretinoin-cream-0-450x3600-1.jpg\",\"contentUrl\":\"https:\\\/\\\/localpharma.be\\\/wp-content\\\/uploads\\\/2025\\\/05\\\/tretinoin-cream-0-450x3600-1.jpg\"},{\"@type\":\"BreadcrumbList\",\"@id\":\"https:\\\/\\\/localpharma.be\\\/tretinoine-gel-ou-de-creme\\\/#breadcrumb\",\"itemListElement\":[{\"@type\":\"ListItem\",\"position\":1,\"name\":\"Home\",\"item\":\"https:\\\/\\\/localpharma.be\\\/\"},{\"@type\":\"ListItem\",\"position\":2,\"name\":\"Cr\u00e8me ou gel \u00e0 la tr\u00e9tino\u00efne en Belgique : ordonnance, prix et utilisation\"}]},{\"@type\":\"WebSite\",\"@id\":\"https:\\\/\\\/localpharma.be\\\/#website\",\"url\":\"https:\\\/\\\/localpharma.be\\\/\",\"name\":\"LocalPharma\",\"description\":\"\",\"potentialAction\":[{\"@type\":\"SearchAction\",\"target\":{\"@type\":\"EntryPoint\",\"urlTemplate\":\"https:\\\/\\\/localpharma.be\\\/?s={search_term_string}\"},\"query-input\":{\"@type\":\"PropertyValueSpecification\",\"valueRequired\":true,\"valueName\":\"search_term_string\"}}],\"inLanguage\":\"nl-BE\"},{\"@type\":\"Person\",\"@id\":\"https:\\\/\\\/localpharma.be\\\/#\\\/schema\\\/person\\\/ce21c7cb4509c2ab6180d821c0add981\",\"name\":\"Romain Garcia\"}]}<\/script>\n<!-- \/ Yoast SEO plugin. -->","yoast_head_json":{"title":"Tretino\u00efne in Belgi\u00eb: cr\u00e8me, gel, prijs en voorschrift","description":"Cr\u00e8me magistrale de tr\u00e9tino\u00efne et gel Treclinax en Belgique : composition, prix par tube, ordonnance, application et pr\u00e9cautions.","robots":{"index":"index","follow":"follow","max-snippet":"max-snippet:-1","max-image-preview":"max-image-preview:large","max-video-preview":"max-video-preview:-1"},"canonical":"https:\/\/localpharma.be\/nl_be\/tretinoine-gel-of-creme\/","og_locale":"nl_BE","og_type":"article","og_title":"Cr\u00e8me ou gel \u00e0 la tr\u00e9tino\u00efne en Belgique : ordonnance, prix et utilisation | LocalPharma","og_description":"Cr\u00e8me magistrale de tr\u00e9tino\u00efne et gel Treclinax en Belgique : composition, prix par tube, ordonnance, application et pr\u00e9cautions.","og_url":"https:\/\/localpharma.be\/nl_be\/tretinoine-gel-of-creme\/","og_site_name":"LocalPharma","article_published_time":"2025-05-06T16:57:56+00:00","article_modified_time":"2026-08-27T13:06:52+00:00","og_image":[{"url":"https:\/\/localpharma.be\/wp-content\/uploads\/2025\/05\/tretinoin-cream-0-450x3600-1.jpg","type":"","width":"","height":""}],"author":"Romain Garcia","twitter_card":"summary_large_image","twitter_misc":{"Geschreven door":"Romain Garcia","Geschatte leestijd":"8 minuten"},"schema":{"@context":"https:\/\/schema.org","@graph":[{"@type":"Article","@id":"https:\/\/localpharma.be\/tretinoine-gel-ou-de-creme\/#article","isPartOf":{"@id":"https:\/\/localpharma.be\/tretinoine-gel-ou-de-creme\/"},"author":{"name":"Romain Garcia","@id":"https:\/\/localpharma.be\/#\/schema\/person\/ce21c7cb4509c2ab6180d821c0add981"},"headline":"Cr\u00e8me ou gel \u00e0 la tr\u00e9tino\u00efne en Belgique : ordonnance, prix et utilisation","datePublished":"2025-05-06T16:57:56+00:00","dateModified":"2026-08-27T13:06:52+00:00","mainEntityOfPage":{"@id":"https:\/\/localpharma.be\/tretinoine-gel-ou-de-creme\/"},"wordCount":1582,"image":{"@id":"https:\/\/localpharma.be\/tretinoine-gel-ou-de-creme\/#primaryimage"},"thumbnailUrl":"https:\/\/localpharma.be\/wp-content\/uploads\/2025\/05\/tretinoin-cream-0-450x3600-1.jpg","articleSection":["acn\u00e9"],"inLanguage":"nl-BE"},{"@type":"WebPage","@id":"https:\/\/localpharma.be\/tretinoine-gel-ou-de-creme\/","url":"https:\/\/localpharma.be\/tretinoine-gel-ou-de-creme\/","name":"Tretino\u00efne in Belgi\u00eb: cr\u00e8me, gel, prijs en voorschrift","isPartOf":{"@id":"https:\/\/localpharma.be\/#website"},"primaryImageOfPage":{"@id":"https:\/\/localpharma.be\/tretinoine-gel-ou-de-creme\/#primaryimage"},"image":{"@id":"https:\/\/localpharma.be\/tretinoine-gel-ou-de-creme\/#primaryimage"},"thumbnailUrl":"https:\/\/localpharma.be\/wp-content\/uploads\/2025\/05\/tretinoin-cream-0-450x3600-1.jpg","datePublished":"2025-05-06T16:57:56+00:00","dateModified":"2026-08-27T13:06:52+00:00","author":{"@id":"https:\/\/localpharma.be\/#\/schema\/person\/ce21c7cb4509c2ab6180d821c0add981"},"description":"Cr\u00e8me magistrale de tr\u00e9tino\u00efne et gel Treclinax en Belgique : composition, prix par tube, ordonnance, application et pr\u00e9cautions.","breadcrumb":{"@id":"https:\/\/localpharma.be\/tretinoine-gel-ou-de-creme\/#breadcrumb"},"inLanguage":"nl-BE","potentialAction":[{"@type":"ReadAction","target":["https:\/\/localpharma.be\/tretinoine-gel-ou-de-creme\/"]}]},{"@type":"ImageObject","inLanguage":"nl-BE","@id":"https:\/\/localpharma.be\/tretinoine-gel-ou-de-creme\/#primaryimage","url":"https:\/\/localpharma.be\/wp-content\/uploads\/2025\/05\/tretinoin-cream-0-450x3600-1.jpg","contentUrl":"https:\/\/localpharma.be\/wp-content\/uploads\/2025\/05\/tretinoin-cream-0-450x3600-1.jpg"},{"@type":"BreadcrumbList","@id":"https:\/\/localpharma.be\/tretinoine-gel-ou-de-creme\/#breadcrumb","itemListElement":[{"@type":"ListItem","position":1,"name":"Home","item":"https:\/\/localpharma.be\/"},{"@type":"ListItem","position":2,"name":"Cr\u00e8me ou gel \u00e0 la tr\u00e9tino\u00efne en Belgique : ordonnance, prix et utilisation"}]},{"@type":"WebSite","@id":"https:\/\/localpharma.be\/#website","url":"https:\/\/localpharma.be\/","name":"Lokale Farma","description":"","potentialAction":[{"@type":"SearchAction","target":{"@type":"EntryPoint","urlTemplate":"https:\/\/localpharma.be\/?s={search_term_string}"},"query-input":{"@type":"PropertyValueSpecification","valueRequired":true,"valueName":"search_term_string"}}],"inLanguage":"nl-BE"},{"@type":"Person","@id":"https:\/\/localpharma.be\/#\/schema\/person\/ce21c7cb4509c2ab6180d821c0add981","name":"Romain Garcia"}]}},"_links":{"self":[{"href":"https:\/\/localpharma.be\/nl_be\/wp-json\/wp\/v2\/posts\/772","targetHints":{"allow":["GET"]}}],"collection":[{"href":"https:\/\/localpharma.be\/nl_be\/wp-json\/wp\/v2\/posts"}],"about":[{"href":"https:\/\/localpharma.be\/nl_be\/wp-json\/wp\/v2\/types\/post"}],"author":[{"embeddable":true,"href":"https:\/\/localpharma.be\/nl_be\/wp-json\/wp\/v2\/users\/2"}],"replies":[{"embeddable":true,"href":"https:\/\/localpharma.be\/nl_be\/wp-json\/wp\/v2\/comments?post=772"}],"version-history":[{"count":33,"href":"https:\/\/localpharma.be\/nl_be\/wp-json\/wp\/v2\/posts\/772\/revisions"}],"predecessor-version":[{"id":3528,"href":"https:\/\/localpharma.be\/nl_be\/wp-json\/wp\/v2\/posts\/772\/revisions\/3528"}],"wp:attachment":[{"href":"https:\/\/localpharma.be\/nl_be\/wp-json\/wp\/v2\/media?parent=772"}],"wp:term":[{"taxonomy":"category","embeddable":true,"href":"https:\/\/localpharma.be\/nl_be\/wp-json\/wp\/v2\/categories?post=772"},{"taxonomy":"post_tag","embeddable":true,"href":"https:\/\/localpharma.be\/nl_be\/wp-json\/wp\/v2\/tags?post=772"}],"curies":[{"name":"wp","href":"https:\/\/api.w.org\/{rel}","templated":true}]}}