{"id":806,"date":"2025-05-22T09:19:22","date_gmt":"2025-05-22T09:19:22","guid":{"rendered":"https:\/\/localpharma.be\/?p=806"},"modified":"2026-09-02T07:05:32","modified_gmt":"2026-09-02T07:05:32","slug":"generieke-doxycycline","status":"publish","type":"post","link":"https:\/\/localpharma.be\/nl_be\/generieke-doxycycline\/","title":{"rendered":"Generieke Doxycycline 100 mg: Antibioticum voor Duidelijk Afgebakende Toepassingen"},"content":{"rendered":"<div data-elementor-type=\"wp-post\" data-elementor-id=\"806\" class=\"elementor elementor-806\" data-elementor-post-type=\"post\">\n\t\t\t\t<div class=\"elementor-element elementor-element-75776de e-flex e-con-boxed e-con e-parent\" data-id=\"75776de\" data-element_type=\"container\" data-e-type=\"container\">\n\t\t\t\t\t<div class=\"e-con-inner\">\n\t\t\t\t<div class=\"elementor-element elementor-element-35e2a51 elementor-widget elementor-widget-html\" data-id=\"35e2a51\" data-element_type=\"widget\" data-e-type=\"widget\" data-widget_type=\"html.default\">\n\t\t\t\t<div class=\"elementor-widget-container\">\n\t\t\t\t\t<div class=\"translation-block\">\n\n<div class=\"translation-block\">\n\n\n<div class=\"product-block\">\n<div class=\"product-image\">\n<img src=\"https:\/\/localpharma.be\/wp-content\/uploads\/2025\/05\/doxycycline-0-450x3600-1.jpg\" alt=\"Generieke doxycycline 100 mg\">\n<\/div>\n\n<div class=\"product-table\">\n<p class=\"med-warning\">Dit is een geneesmiddel. Niet langdurig gebruiken zonder medisch advies.<\/p>\n<table>\n<tbody>\n<tr><td>Naam van het geneesmiddel:<\/td><td>Generieke doxycycline<\/td><\/tr>\n<tr><td>Werkzame stof :<\/td><td>Doxycycline<\/td><\/tr>\n<tr><td>Fabrikant:<\/td><td>Niet gespecificeerd<\/td><\/tr>\n<tr><td>Vorm \/ Sterkte:<\/td><td>Tablet 100 mg<\/td><\/tr>\n<tr><td>Prijs :<\/td><td><strong>Prijs te bevestigen volgens de specialiteit<\/strong><br><small>Prijs gegarandeerd via LocalPharma<\/small><\/td><\/tr>\n<tr><td>Apotheek :<\/td><td>Geselecteerd volgens uw adres en de beschikbaarheid<\/td><\/tr>\n<tr><td>Levering :<\/td><td>Termijn aangegeven na selectie van de apotheek<\/td><\/tr>\n<tr><td>Bestellen :<\/td><td><a href=\"#\" class=\"button\">Beschikbaarheid controleren<\/a><br><small>Aflevering gebeurt door een erkende partnerapotheek op voorschrift.<\/small><\/td><\/tr>\n<\/tbody>\n<\/table>\n<\/div>\n<\/div>\n\n<section>\n<h2>Wanneer wordt doxycycline voorgeschreven?<\/h2>\n<p><b>Generieke doxycycline<\/b> behoort tot de tetracyclinen. Ze remt de eiwitsynthese van bepaalde bacteri\u00ebn en beperkt zo hun vermenigvuldiging. De plaats in de behandeling hangt af van de vermoedelijke of aangetoonde kiem, de infectiehaard en de geldende aanbevelingen.<\/p>\n<p>In Belgi\u00eb kan doxycycline onder meer worden gebruikt bij bepaalde Chlamydia-infecties, de ziekte van Lyme, sommige rickettsiosen, luchtweginfecties door gevoelige kiemen en bepaalde vormen van inflammatoire acne. Ook malariaprofylaxe kan in specifieke reiscontexten een indicatie zijn.<\/p>\n<p>Meer over zorgvuldig antibioticagebruik leest u in ons dossier over <a href=\"https:\/\/localpharma.be\/nl_be\/antibioticabeheer\/\" target=\"_blank\" rel=\"noopener\">antibioticabeheer<\/a>.<\/p>\n<\/section>\n\n<section>\n<h2>Chlamydia: een duidelijk behandelschema<\/h2>\n<p>Bij een ongecompliceerde urogenitale, anorectale of faryngeale Chlamydia trachomatis-infectie bij mannen en niet-zwangere vrouwen bevelen Belgische richtlijnen <b>doxycycline 100 mg tweemaal per dag<\/b> gedurende 7 dagen aan.<\/p>\n<p>Lymphogranuloma venereum is een aparte situatie. De BAPCOC-gids 2026 voorziet dan doxycycline 100 mg tweemaal per dag gedurende 20 dagen wanneer bevestiging of status dit vereist.<\/p>\n<p><strong>Een seksueel overdraagbare infectie hoort niet uitsluitend op basis van symptomen te worden behandeld zonder passende diagnostiek en partnerbeleid waar dat nodig is.<\/strong><\/p>\n<\/section>\n\n<section>\n<h2>Ziekte van Lyme na een tekenbeet<\/h2>\n<p>Doxycycline behoort tot de standaardbehandelingen van bepaalde vroege vormen van de ziekte van Lyme. Bij erythema migrans vermeldt het BCFI voor volwassenen onder meer 100 mg tweemaal per dag gedurende 10 dagen.<\/p>\n<p>Een tekenbeet alleen betekent echter niet dat antibiotica automatisch nodig zijn. De beslissing hangt af van klinische verschijnselen en blootstellingscontext.<\/p>\n<\/section>\n\n<section>\n<h2>Inflammatoire acne: waarom de duur beperken?<\/h2>\n<p>Bij ernstige papulopustuleuze acne kan <b>doxycycline bij acne<\/b> worden gebruikt in een dosis van 100 mg eenmaal per dag. Het BCFI adviseert minimaal 6 weken en maximaal 3 maanden om onnodige antibiotische blootstelling te beperken.<\/p>\n<p>De orale behandeling hoort deel uit te maken van een bredere dermatologische aanpak. Een antibioticakuur verlengen enkel omdat nog enkele letsels aanwezig zijn, verhoogt het resistentierisico zonder gegarandeerde extra winst.<\/p>\n<\/section>\n\n<section>\n<h2>Hoe neem je Doxycycline 100 mg zonder de slokdarm te irriteren?<\/h2>\n<p><b>Doxycycline 100 mg innemen<\/b> gebeurt met voldoende water. De tablet met te weinig vocht innemen of onmiddellijk daarna gaan liggen verhoogt het risico op irritatie, ulceratie of ontsteking van de slokdarm.<\/p>\n<p>Neem de tablet bij voorkeur zittend of rechtop en ga niet meteen liggen. Het voorgeschreven tijdschema moet gedurende de volledige behandelingsduur worden gevolgd.<\/p>\n\n<section>\n<h3>Bij een vergeten dosis<\/h3>\n<p>Een vergeten dosis wordt niet automatisch gecompenseerd met een dubbele dosis. Volg de bijsluiter of vraag de apotheker advies afhankelijk van het tijdstip.<\/p>\n<\/section>\n\n<section>\n<h3>Duur van de behandeling<\/h3>\n<p>De duur verschilt sterk per indicatie. Chlamydia, erythema migrans en inflammatoire acne volgen niet hetzelfde schema.<\/p>\n<\/section>\n<\/section>\n\n<section>\n<h2>IJzer, magnesium, zink en antacida<\/h2>\n<p>Calcium, magnesium, aluminium, ijzer en zink kunnen complexen vormen met doxycycline en de opname in de darm verminderen. Dit geldt voor bepaalde antacida, mineralensupplementen en geneesmiddelen die deze stoffen bevatten.<\/p>\n<p><b>Interacties met doxycycline<\/b> moeten met de apotheker worden nagekeken zodat de innames correct kunnen worden gescheiden. Systemische retino\u00efden, bepaalde anticoagulantia en andere behandelingen kunnen eveneens extra aandacht vereisen.<\/p>\n<\/section>\n\n<section>\n<h2>Zonlicht en fotosensibiliteit tijdens de behandeling<\/h2>\n<p>Doxycycline kan de gevoeligheid van de huid voor ultraviolet licht verhogen. Daardoor kan sneller een reactie ontstaan die op zonnebrand lijkt, soms na een blootstelling die normaal goed wordt verdragen.<\/p>\n<p>Beperk sterke blootstelling aan zon en kunstmatige UV-straling, bedek blootgestelde huid en gebruik passende zonbescherming tijdens de behandeling.<\/p>\n<\/section>\n\n<section>\n<h2>Bijwerkingen die u moet herkennen<\/h2>\n<p>De vaakste bijwerkingen zijn maag-darmklachten zoals misselijkheid, buiklast of diarree. Hoofdpijn, huidreacties of candidiasis kunnen eveneens voorkomen.<\/p>\n<ul>\n<li>pijn of branderig gevoel achter het borstbeen passend bij slokdarmirritatie;<\/li>\n<li>een uitgesproken huidreactie na zonblootstelling;<\/li>\n<li>ongebruikelijke hoofdpijn met visusklachten;<\/li>\n<li>een ernstige allergische reactie of hevige, aanhoudende diarree.<\/li>\n<\/ul>\n<p>Ernstige, nieuwe of snel verergerende symptomen vragen medisch advies.<\/p>\n<\/section>\n\n<section>\n<h2>Zwangerschap, borstvoeding en leeftijd van het kind<\/h2>\n<p>Tetracyclinen kunnen tijdens de tandontwikkeling invloed hebben op tandkleur en glazuur. De Belgische bijsluiter van Vibratab noemt doxycycline gecontra-indiceerd tijdens de zwangerschap, behalve in uitzonderlijke levensbedreigende situaties waarin geen alternatief beschikbaar is.<\/p>\n<p>Doxycycline komt in de moedermelk terecht en gebruik tijdens borstvoeding wordt afgeraden. Bij kinderen moeten leeftijd, indicatie en baten-risicoverhouding door de arts worden beoordeeld.<\/p>\n<\/section>\n\n<section>\n<h2>Prijs van doxycyclinespecialiteiten in Belgi\u00eb<\/h2>\n<p>De prijs verschilt per specialiteit. Het BCFI vermeldt momenteel Doxycycline Sandoz 100 mg, 10 tabletten, voor 7,94 \u20ac, Doxycycline EG 100 mg, 10 tabletten, voor 8,69 \u20ac, en Vibratab 100 mg, 10 tabletten, voor 8,73 \u20ac.<\/p>\n<p>Deze bedragen horen bij specifieke producten en mogen niet worden voorgesteld als \u00e9\u00e9n vaste prijs voor <b>generieke doxycycline in Belgi\u00eb<\/b>. De afgeleverde specialiteit, eventuele terugbetaling en het voorschrift bepalen het werkelijk te betalen bedrag.<\/p>\n<\/section>\n\n<section>\n<h2>Aflevering op voorschrift en reservering bij de apotheek<\/h2>\n<p>Doxycycline is voorschriftplichtig. In Belgi\u00eb mogen geneesmiddelen op voorschrift niet online worden verkocht.<\/p>\n<p>Een apotheek kan haar website wel gebruiken voor reservering gevolgd door afhaling in de officina. Dat mag niet worden voorgesteld als online verkoop of thuislevering van een voorschriftplichtig geneesmiddel.<\/p>\n<\/section>\n\n<section>\n<h2>Belangrijke medische informatie<\/h2>\n<p><strong>Doxycycline mag alleen worden gebruikt voor een duidelijke indicatie, in de dosis en gedurende de duur die de voorschrijver heeft bepaald.<\/strong> Zelfmedicatie met restanten van antibiotica, ongeplande verlenging of onjuist stoppen kan de behandeling ondermijnen en antibioticaresistentie bevorderen.<\/p>\n<\/section>\n\n<section>\n<h2>Veelgestelde vragen over generieke doxycycline<\/h2>\n<section><h3>Behandelt doxycycline 100 mg alle bacteri\u00eble infecties?<\/h3><p>Nee. De werkzaamheid hangt af van de kiem en de indicatie. Het middel is niet geschikt voor alle infecties en werkt niet tegen virussen.<\/p><\/section>\n<section><h3>Waarom moet de tablet met voldoende water worden ingenomen?<\/h3><p>Voldoende water en rechtop blijven na de inname verkleinen de kans dat de tablet in de slokdarm blijft hangen en irritatie veroorzaakt.<\/p><\/section>\n<section><h3>Mag men in de zon tijdens doxycycline?<\/h3><p>Sterke UV-blootstelling wordt beter beperkt omdat doxycycline fotosensibiliteit en huidreacties kan veroorzaken.<\/p><\/section>\n<section><h3>Waarom moeten ijzer en antacida worden gescheiden?<\/h3><p>Bepaalde mineralen kunnen zich aan doxycycline binden en de opname verminderen. De apotheker kan het juiste interval voor het concrete product aangeven.<\/p><\/section>\n<section><h3>Kan doxycycline maandenlang voor acne worden gebruikt?<\/h3><p>Orale antibiotica bij acne moeten worden herbeoordeeld en beperkt. Het BCFI adviseert bij ernstige papulopustuleuze acne 6 weken tot maximaal 3 maanden.<\/p><\/section>\n<section><h3>Kan doxycycline online worden gekocht in Belgi\u00eb?<\/h3><p>Nee. Het is voorschriftplichtig. Een apotheek kan reservering aanbieden, maar geen online verkoop met levering zoals bij een niet-voorschriftplichtig geneesmiddel.<\/p><\/section>\n<\/section>\n\n<div class=\"reviewed-by\">\n<p>Tekst gecontroleerd door Uttam Chatterjee, Verantwoordelijk apotheker - LocalPharma, 2 september 2026<\/p>\n<\/div>\n\n<section>\n<h2>Medische bronnen<\/h2>\n<ul>\n<li><a href=\"https:\/\/www.e-compendium.be\/fr\/notices\/patient\/379\" target=\"_blank\" rel=\"noopener noreferrer\">e-Compendium - Vibratab 100 mg<\/a><\/li>\n<li><a href=\"https:\/\/www.cbip.be\/fr\/keywords\/doxycycline?type=substance\" target=\"_blank\" rel=\"noopener noreferrer\">BCFI - Doxycycline<\/a><\/li>\n<li><a href=\"https:\/\/www.cbip.be\/fr\/nouveau-guide-bapcoc-2026-infections-urogenitales-et-ophtalmologie\/\" target=\"_blank\" rel=\"noopener noreferrer\">BCFI - BAPCOC-gids 2026<\/a><\/li>\n<li><a href=\"https:\/\/www.afmps.be\/fr\/humain\/medicaments\/medicaments\/distribution\/pharmacies_ouvertes_au_public\/Site_Internet_d_une_pharmacie\" target=\"_blank\" rel=\"noopener noreferrer\">FAGG - Internetapotheken<\/a><\/li>\n<\/ul>\n<\/section>\n\n<\/div>\n\n<\/div>\n\t\t\t\t<\/div>\n\t\t\t\t<\/div>\n\t\t\t\t\t<\/div>\n\t\t\t\t<\/div>\n\t\t\t\t<\/div>","protected":false},"excerpt":{"rendered":"<p>Ceci est un m\u00e9dicament. Pas d\u2019utilisation prolong\u00e9e sans avis m\u00e9dical. Nom du m\u00e9dicament: Doxycycline g\u00e9n\u00e9rique Ingr\u00e9dient actif : Doxycycline Fabricant: Non sp\u00e9cifi\u00e9 Forme \/ Force: Comprim\u00e9 100 mg Prix : Prix \u00e0 confirmer selon la sp\u00e9cialit\u00e9Prix garanti via LocalPharma Pharmacie : S\u00e9lectionn\u00e9e selon votre adresse et la disponibilit\u00e9 Livraison : D\u00e9lai indiqu\u00e9 apr\u00e8s s\u00e9lection de [&hellip;]<\/p>\n","protected":false},"author":2,"featured_media":0,"comment_status":"closed","ping_status":"open","sticky":false,"template":"","format":"standard","meta":{"footnotes":""},"categories":[22],"tags":[194,216],"class_list":["post-806","post","type-post","status-publish","format-standard","hentry","category-antibiotiques","tag-antibiotique","tag-doxycycline"],"yoast_head":"<!-- This site is optimized with the Yoast SEO plugin v28.4 - https:\/\/yoast.com\/product\/yoast-seo-wordpress\/ -->\n<title>Doxycycline G\u00e9n\u00e9rique 100 mg : un Antibiotique aux Usages Tr\u00e8s Cibl\u00e9s | LocalPharma<\/title>\n<meta name=\"description\" content=\"Doxycycline G\u00e9n\u00e9rique est un antibiotique sur ordonnance utilis\u00e9 contre certaines infections bact\u00e9riennes sensibles.\" \/>\n<meta name=\"robots\" content=\"index, follow, max-snippet:-1, max-image-preview:large, max-video-preview:-1\" \/>\n<link rel=\"canonical\" href=\"https:\/\/localpharma.be\/nl_be\/generieke-doxycycline\/\" \/>\n<meta property=\"og:locale\" content=\"nl_BE\" \/>\n<meta property=\"og:type\" content=\"article\" \/>\n<meta property=\"og:title\" content=\"Doxycycline G\u00e9n\u00e9rique 100 mg : un Antibiotique aux Usages Tr\u00e8s Cibl\u00e9s | LocalPharma\" \/>\n<meta property=\"og:description\" content=\"Doxycycline G\u00e9n\u00e9rique est un antibiotique sur ordonnance utilis\u00e9 contre certaines infections bact\u00e9riennes sensibles.\" \/>\n<meta property=\"og:url\" content=\"https:\/\/localpharma.be\/nl_be\/generieke-doxycycline\/\" \/>\n<meta property=\"og:site_name\" content=\"LocalPharma\" \/>\n<meta property=\"article:published_time\" content=\"2025-05-22T09:19:22+00:00\" \/>\n<meta property=\"article:modified_time\" content=\"2026-09-02T07:05:32+00:00\" \/>\n<meta property=\"og:image\" content=\"https:\/\/localpharma.be\/wp-content\/uploads\/2025\/05\/doxycycline-0-450x3600-1.jpg\" \/>\n<meta name=\"author\" content=\"Romain Garcia\" \/>\n<meta name=\"twitter:card\" content=\"summary_large_image\" \/>\n<meta name=\"twitter:label1\" content=\"Geschreven door\" \/>\n\t<meta name=\"twitter:data1\" content=\"Romain Garcia\" \/>\n\t<meta name=\"twitter:label2\" content=\"Geschatte leestijd\" \/>\n\t<meta name=\"twitter:data2\" content=\"7 minuten\" \/>\n<script type=\"application\/ld+json\" class=\"yoast-schema-graph\">{\"@context\":\"https:\\\/\\\/schema.org\",\"@graph\":[{\"@type\":\"Article\",\"@id\":\"https:\\\/\\\/localpharma.be\\\/doxycycline-generique\\\/#article\",\"isPartOf\":{\"@id\":\"https:\\\/\\\/localpharma.be\\\/doxycycline-generique\\\/\"},\"author\":{\"name\":\"Romain Garcia\",\"@id\":\"https:\\\/\\\/localpharma.be\\\/#\\\/schema\\\/person\\\/ce21c7cb4509c2ab6180d821c0add981\"},\"headline\":\"Doxycycline G\u00e9n\u00e9rique 100 mg : un Antibiotique aux Usages Tr\u00e8s Cibl\u00e9s\",\"datePublished\":\"2025-05-22T09:19:22+00:00\",\"dateModified\":\"2026-09-02T07:05:32+00:00\",\"mainEntityOfPage\":{\"@id\":\"https:\\\/\\\/localpharma.be\\\/doxycycline-generique\\\/\"},\"wordCount\":1469,\"image\":{\"@id\":\"https:\\\/\\\/localpharma.be\\\/doxycycline-generique\\\/#primaryimage\"},\"thumbnailUrl\":\"https:\\\/\\\/localpharma.be\\\/wp-content\\\/uploads\\\/2025\\\/05\\\/doxycycline-0-450x3600-1.jpg\",\"keywords\":[\"antibiotique\",\"Doxycycline\"],\"articleSection\":[\"antibiotiques\"],\"inLanguage\":\"nl-BE\"},{\"@type\":\"WebPage\",\"@id\":\"https:\\\/\\\/localpharma.be\\\/doxycycline-generique\\\/\",\"url\":\"https:\\\/\\\/localpharma.be\\\/doxycycline-generique\\\/\",\"name\":\"Doxycycline G\u00e9n\u00e9rique 100 mg : un Antibiotique aux Usages Tr\u00e8s Cibl\u00e9s | LocalPharma\",\"isPartOf\":{\"@id\":\"https:\\\/\\\/localpharma.be\\\/#website\"},\"primaryImageOfPage\":{\"@id\":\"https:\\\/\\\/localpharma.be\\\/doxycycline-generique\\\/#primaryimage\"},\"image\":{\"@id\":\"https:\\\/\\\/localpharma.be\\\/doxycycline-generique\\\/#primaryimage\"},\"thumbnailUrl\":\"https:\\\/\\\/localpharma.be\\\/wp-content\\\/uploads\\\/2025\\\/05\\\/doxycycline-0-450x3600-1.jpg\",\"datePublished\":\"2025-05-22T09:19:22+00:00\",\"dateModified\":\"2026-09-02T07:05:32+00:00\",\"author\":{\"@id\":\"https:\\\/\\\/localpharma.be\\\/#\\\/schema\\\/person\\\/ce21c7cb4509c2ab6180d821c0add981\"},\"description\":\"Doxycycline G\u00e9n\u00e9rique est un antibiotique sur ordonnance utilis\u00e9 contre certaines infections bact\u00e9riennes sensibles.\",\"breadcrumb\":{\"@id\":\"https:\\\/\\\/localpharma.be\\\/doxycycline-generique\\\/#breadcrumb\"},\"inLanguage\":\"nl-BE\",\"potentialAction\":[{\"@type\":\"ReadAction\",\"target\":[\"https:\\\/\\\/localpharma.be\\\/doxycycline-generique\\\/\"]}]},{\"@type\":\"ImageObject\",\"inLanguage\":\"nl-BE\",\"@id\":\"https:\\\/\\\/localpharma.be\\\/doxycycline-generique\\\/#primaryimage\",\"url\":\"https:\\\/\\\/localpharma.be\\\/wp-content\\\/uploads\\\/2025\\\/05\\\/doxycycline-0-450x3600-1.jpg\",\"contentUrl\":\"https:\\\/\\\/localpharma.be\\\/wp-content\\\/uploads\\\/2025\\\/05\\\/doxycycline-0-450x3600-1.jpg\"},{\"@type\":\"BreadcrumbList\",\"@id\":\"https:\\\/\\\/localpharma.be\\\/doxycycline-generique\\\/#breadcrumb\",\"itemListElement\":[{\"@type\":\"ListItem\",\"position\":1,\"name\":\"Home\",\"item\":\"https:\\\/\\\/localpharma.be\\\/\"},{\"@type\":\"ListItem\",\"position\":2,\"name\":\"Doxycycline G\u00e9n\u00e9rique 100 mg : un Antibiotique aux Usages Tr\u00e8s Cibl\u00e9s\"}]},{\"@type\":\"WebSite\",\"@id\":\"https:\\\/\\\/localpharma.be\\\/#website\",\"url\":\"https:\\\/\\\/localpharma.be\\\/\",\"name\":\"LocalPharma\",\"description\":\"\",\"potentialAction\":[{\"@type\":\"SearchAction\",\"target\":{\"@type\":\"EntryPoint\",\"urlTemplate\":\"https:\\\/\\\/localpharma.be\\\/?s={search_term_string}\"},\"query-input\":{\"@type\":\"PropertyValueSpecification\",\"valueRequired\":true,\"valueName\":\"search_term_string\"}}],\"inLanguage\":\"nl-BE\"},{\"@type\":\"Person\",\"@id\":\"https:\\\/\\\/localpharma.be\\\/#\\\/schema\\\/person\\\/ce21c7cb4509c2ab6180d821c0add981\",\"name\":\"Romain Garcia\"}]}<\/script>\n<!-- \/ Yoast SEO plugin. -->","yoast_head_json":{"title":"Generieke doxycycline 100 mg: infecties, acne en voorzorgen","description":"Generieke doxycycline is een antibioticum op recept dat wordt gebruikt tegen bepaalde gevoelige bacteri\u00eble infecties.","robots":{"index":"index","follow":"follow","max-snippet":"max-snippet:-1","max-image-preview":"max-image-preview:large","max-video-preview":"max-video-preview:-1"},"canonical":"https:\/\/localpharma.be\/nl_be\/generieke-doxycycline\/","og_locale":"nl_BE","og_type":"article","og_title":"Doxycycline G\u00e9n\u00e9rique 100 mg : un Antibiotique aux Usages Tr\u00e8s Cibl\u00e9s | LocalPharma","og_description":"Doxycycline G\u00e9n\u00e9rique est un antibiotique sur ordonnance utilis\u00e9 contre certaines infections bact\u00e9riennes sensibles.","og_url":"https:\/\/localpharma.be\/nl_be\/generieke-doxycycline\/","og_site_name":"LocalPharma","article_published_time":"2025-05-22T09:19:22+00:00","article_modified_time":"2026-09-02T07:05:32+00:00","og_image":[{"url":"https:\/\/localpharma.be\/wp-content\/uploads\/2025\/05\/doxycycline-0-450x3600-1.jpg","type":"","width":"","height":""}],"author":"Romain Garcia","twitter_card":"summary_large_image","twitter_misc":{"Geschreven door":"Romain Garcia","Geschatte leestijd":"7 minuten"},"schema":{"@context":"https:\/\/schema.org","@graph":[{"@type":"Article","@id":"https:\/\/localpharma.be\/doxycycline-generique\/#article","isPartOf":{"@id":"https:\/\/localpharma.be\/doxycycline-generique\/"},"author":{"name":"Romain Garcia","@id":"https:\/\/localpharma.be\/#\/schema\/person\/ce21c7cb4509c2ab6180d821c0add981"},"headline":"Doxycycline G\u00e9n\u00e9rique 100 mg : un Antibiotique aux Usages Tr\u00e8s Cibl\u00e9s","datePublished":"2025-05-22T09:19:22+00:00","dateModified":"2026-09-02T07:05:32+00:00","mainEntityOfPage":{"@id":"https:\/\/localpharma.be\/doxycycline-generique\/"},"wordCount":1469,"image":{"@id":"https:\/\/localpharma.be\/doxycycline-generique\/#primaryimage"},"thumbnailUrl":"https:\/\/localpharma.be\/wp-content\/uploads\/2025\/05\/doxycycline-0-450x3600-1.jpg","keywords":["antibiotique","Doxycycline"],"articleSection":["antibiotiques"],"inLanguage":"nl-BE"},{"@type":"WebPage","@id":"https:\/\/localpharma.be\/doxycycline-generique\/","url":"https:\/\/localpharma.be\/doxycycline-generique\/","name":"Generieke doxycycline 100 mg: infecties, acne en voorzorgen","isPartOf":{"@id":"https:\/\/localpharma.be\/#website"},"primaryImageOfPage":{"@id":"https:\/\/localpharma.be\/doxycycline-generique\/#primaryimage"},"image":{"@id":"https:\/\/localpharma.be\/doxycycline-generique\/#primaryimage"},"thumbnailUrl":"https:\/\/localpharma.be\/wp-content\/uploads\/2025\/05\/doxycycline-0-450x3600-1.jpg","datePublished":"2025-05-22T09:19:22+00:00","dateModified":"2026-09-02T07:05:32+00:00","author":{"@id":"https:\/\/localpharma.be\/#\/schema\/person\/ce21c7cb4509c2ab6180d821c0add981"},"description":"Generieke doxycycline is een antibioticum op recept dat wordt gebruikt tegen bepaalde gevoelige bacteri\u00eble infecties.","breadcrumb":{"@id":"https:\/\/localpharma.be\/doxycycline-generique\/#breadcrumb"},"inLanguage":"nl-BE","potentialAction":[{"@type":"ReadAction","target":["https:\/\/localpharma.be\/doxycycline-generique\/"]}]},{"@type":"ImageObject","inLanguage":"nl-BE","@id":"https:\/\/localpharma.be\/doxycycline-generique\/#primaryimage","url":"https:\/\/localpharma.be\/wp-content\/uploads\/2025\/05\/doxycycline-0-450x3600-1.jpg","contentUrl":"https:\/\/localpharma.be\/wp-content\/uploads\/2025\/05\/doxycycline-0-450x3600-1.jpg"},{"@type":"BreadcrumbList","@id":"https:\/\/localpharma.be\/doxycycline-generique\/#breadcrumb","itemListElement":[{"@type":"ListItem","position":1,"name":"Home","item":"https:\/\/localpharma.be\/"},{"@type":"ListItem","position":2,"name":"Doxycycline G\u00e9n\u00e9rique 100 mg : un Antibiotique aux Usages Tr\u00e8s Cibl\u00e9s"}]},{"@type":"WebSite","@id":"https:\/\/localpharma.be\/#website","url":"https:\/\/localpharma.be\/","name":"Lokale Farma","description":"","potentialAction":[{"@type":"SearchAction","target":{"@type":"EntryPoint","urlTemplate":"https:\/\/localpharma.be\/?s={search_term_string}"},"query-input":{"@type":"PropertyValueSpecification","valueRequired":true,"valueName":"search_term_string"}}],"inLanguage":"nl-BE"},{"@type":"Person","@id":"https:\/\/localpharma.be\/#\/schema\/person\/ce21c7cb4509c2ab6180d821c0add981","name":"Romain Garcia"}]}},"_links":{"self":[{"href":"https:\/\/localpharma.be\/nl_be\/wp-json\/wp\/v2\/posts\/806","targetHints":{"allow":["GET"]}}],"collection":[{"href":"https:\/\/localpharma.be\/nl_be\/wp-json\/wp\/v2\/posts"}],"about":[{"href":"https:\/\/localpharma.be\/nl_be\/wp-json\/wp\/v2\/types\/post"}],"author":[{"embeddable":true,"href":"https:\/\/localpharma.be\/nl_be\/wp-json\/wp\/v2\/users\/2"}],"replies":[{"embeddable":true,"href":"https:\/\/localpharma.be\/nl_be\/wp-json\/wp\/v2\/comments?post=806"}],"version-history":[{"count":21,"href":"https:\/\/localpharma.be\/nl_be\/wp-json\/wp\/v2\/posts\/806\/revisions"}],"predecessor-version":[{"id":3675,"href":"https:\/\/localpharma.be\/nl_be\/wp-json\/wp\/v2\/posts\/806\/revisions\/3675"}],"wp:attachment":[{"href":"https:\/\/localpharma.be\/nl_be\/wp-json\/wp\/v2\/media?parent=806"}],"wp:term":[{"taxonomy":"category","embeddable":true,"href":"https:\/\/localpharma.be\/nl_be\/wp-json\/wp\/v2\/categories?post=806"},{"taxonomy":"post_tag","embeddable":true,"href":"https:\/\/localpharma.be\/nl_be\/wp-json\/wp\/v2\/tags?post=806"}],"curies":[{"name":"wp","href":"https:\/\/api.w.org\/{rel}","templated":true}]}}